{"id":33089,"date":"2025-01-31T14:36:59","date_gmt":"2025-01-31T13:36:59","guid":{"rendered":"https:\/\/letempsmag.ma\/?p=33089"},"modified":"2025-01-31T14:36:59","modified_gmt":"2025-01-31T13:36:59","slug":"un-mois-de-fevrier-palpitant-au-meydene-a-m-avenue-marrakech","status":"publish","type":"post","link":"https:\/\/letempsmag.ma\/?p=33089","title":{"rendered":"Un mois de f\u00e9vrier palpitant au Meydene \u00e0 M Avenue Marrakech"},"content":{"rendered":"\n<p>Le mois de f\u00e9vrier au th\u00e9\u00e2tre Meydene, \u00e0 M Avenue Marrakech, s\u2019annonce comme une v\u00e9ritable ode \u00e0 la richesse culturelle et au talent, offrant une programmation vari\u00e9e et intense, m\u00ealant humour, musique traditionnelle, performances po\u00e9tiques et chants spirituels. Chaque soir\u00e9e promet une exp\u00e9rience unique, rassemblant les passionn\u00e9s de com\u00e9die, les amoureux de musique arabe, les nostalgiques des classiques marocains et les explorateurs d\u2019univers artistiques contemporains.<\/p>\n\n\n\n<p><strong><em>1<\/em><\/strong><strong><em><sup>er<\/sup><\/em><\/strong><strong><em> f\u00e9vrier&nbsp;: \u00abKhibra Tour\u00bb avec Rachid Rafiq<\/em><\/strong><\/p>\n\n\n\n<p>L\u2019humoriste \u00e0 l\u2019esprit aiguis\u00e9, Rachid Rafiq, revient sur sc\u00e8ne avec un spectacle in\u00e9dit, \u00abKhibra Tour\u00bb. Une soir\u00e9e o\u00f9 anecdotes et humour se m\u00ealent habilement pour offrir une exp\u00e9rience aussi dr\u00f4le qu\u2019introspective. Un must pour les amateurs de com\u00e9die authentique. Billetterie&nbsp;: sur place au th\u00e9\u00e2tre Meydene et via la plateforme partenaire \u00abGuichet.com\u00bb. Prix unique&nbsp;: 200 DH.<\/p>\n\n\n\n<p><strong><em>6 f\u00e9vrier&nbsp;: duo Said &amp; Wadie<\/em><\/strong><\/p>\n\n\n\n<p>Said &amp; Wadie, le duo actuellement incontournable sur la sc\u00e8ne de l\u2019humour absurde, promet un spectacle et des personnages aussi loufoques qu\u2019irr\u00e9sistibles. Leur humour mordant et leurs situations farfelues promettent une soir\u00e9e de rires \u00e0 \u00e9clats. Billetterie&nbsp;: sur place au th\u00e9\u00e2tre Meydene et via la plateforme partenaire \u00abGuichet.com\u00bb. Prix&nbsp;: 250 DH \u00abVIP\u00bb et 150 DH \u00abNormal\u00bb.<\/p>\n\n\n\n<p><strong><em>7 f\u00e9vrier&nbsp;: voyage de m\u00e9moire avec Fouad Zbidi<\/em><\/strong><\/p>\n\n\n\n<p>Une soir\u00e9e d\u00e9di\u00e9e \u00e0 l\u2019art de la musique arabe traditionnelle o\u00f9 Fouad Zbidi, accompagn\u00e9 de l\u2019orchestre dirig\u00e9 par le maestro Hicham Talmoudi, revisitera les c\u00e9l\u00e8bres \u00abMuwashahat\u00bb et \u00abQudud\u00bb, rendant hommage aux g\u00e9ants de ce genre, notamment le l\u00e9gendaire chanteur syrien Sabah Fakhri. Un v\u00e9ritable voyage dans le temps, aux racines de la musique arabe. Billetterie&nbsp;: sur place au th\u00e9\u00e2tre Meydene et via la plateforme partenaire \u00abGuichet.com\u00bb. Prix&nbsp;: 350 DH \u00abCarr\u00e9 Or\u00bb et 250 DH \u00abCarr\u00e9 Confort\u00bb.<\/p>\n\n\n\n<p><strong><em>8 f\u00e9vrier&nbsp;: \u00abReflet\u00bb avec Meriem Benoua<\/em><\/strong><\/p>\n\n\n\n<p>La reine du stand-up, Meriem Benoua, invite son public \u00e0 un voyage introspectif dans son spectacle \u00abReflet\u00bb. Un m\u00e9lange envo\u00fbtant de po\u00e9sie, de chant et de performances proposant une r\u00e9flexion \u00e9mouvante sur les perceptions et les identit\u00e9s. Une exp\u00e9rience touchante et visuellement saisissante. Billetterie&nbsp;: sur place au th\u00e9\u00e2tre Meydene et via la plateforme partenaire \u00abGuichet.com\u00bb. Prix&nbsp;: 500 DH \u00abCarr\u00e9 Or\u00bb et 350 DH \u00abCarr\u00e9 Confort\u00bb.<\/p>\n\n\n\n<p><strong><em>15 f\u00e9vrier&nbsp;: Othmane Benmoumen et Issawa<\/em><\/strong><\/p>\n\n\n\n<p>Le public plongera dans un univers spirituel avec Othmane Benmoumen et la troupe Issawa. Un spectacle en forme d\u2019hommage \u00e0 la richesse du chant spirituel marocain et&nbsp; une soir\u00e9e envo\u00fbtante faite de chants mystiques et de vibrations positives. Billetterie&nbsp;: sur place au th\u00e9\u00e2tre Meydene et via la plateforme partenaire \u00abGuichet.com\u00bb. Prix&nbsp;: 300 DH \u00abCarr\u00e9 Or\u00bb et 200 DH \u00abCarr\u00e9 Confort\u00bb.<\/p>\n\n\n\n<p><strong><em>22 f\u00e9vrier&nbsp;: hommage au grand Hassan El Kadmiri<\/em><\/strong><\/p>\n\n\n\n<p>Ce sera la soir\u00e9e incontournable pour les amoureux de la musique marocaine&nbsp;! Le grand compositeur Hassan El Kadmiri, cr\u00e9ateur de classiques comme \u00abMa Taqshi Bia\u00bb, \u00abAna Hor\u00bb et \u00abBared W\u2019Skhone\u00bb, recevra un hommage de son public lors de cette nuit exceptionnelle. Les voix des meilleurs artistes marocains rendront hommage \u00e0 cet artiste visionnaire, dont l\u2019h\u00e9ritage continue d\u2019influencer la sc\u00e8ne musicale actuelle. Billetterie&nbsp;: sur place au th\u00e9\u00e2tre Meydene et via la plateforme partenaire \u00abGuichet.com\u00bb. Prix&nbsp;: 300 DH \u00abCarr\u00e9 Or\u00bb et 200 DH \u00abCarr\u00e9 Confort\u00bb.<\/p>\n","protected":false},"excerpt":{"rendered":"<p>Le mois de f\u00e9vrier au th\u00e9\u00e2tre Meydene, \u00e0 M Avenue Marrakech, s\u2019annonce comme une v\u00e9ritable ode \u00e0 la richesse culturelle et au talent, offrant une programmation vari\u00e9e et intense, m\u00ealant humour, musique traditionnelle, performances po\u00e9tiques et chants spirituels. Chaque soir\u00e9e promet une exp\u00e9rience unique, rassemblant les passionn\u00e9s de com\u00e9die, les amoureux de musique arabe, les &hellip;<\/p>\n","protected":false},"author":9,"featured_media":33077,"comment_status":"open","ping_status":"closed","sticky":false,"template":"","format":"standard","meta":{"footnotes":""},"categories":[1267],"tags":[],"class_list":["post-33089","post","type-post","status-publish","format-standard","has-post-thumbnail","hentry","category-spectacles"],"_links":{"self":[{"href":"https:\/\/letempsmag.ma\/index.php?rest_route=\/wp\/v2\/posts\/33089","targetHints":{"allow":["GET"]}}],"collection":[{"href":"https:\/\/letempsmag.ma\/index.php?rest_route=\/wp\/v2\/posts"}],"about":[{"href":"https:\/\/letempsmag.ma\/index.php?rest_route=\/wp\/v2\/types\/post"}],"author":[{"embeddable":true,"href":"https:\/\/letempsmag.ma\/index.php?rest_route=\/wp\/v2\/users\/9"}],"replies":[{"embeddable":true,"href":"https:\/\/letempsmag.ma\/index.php?rest_route=%2Fwp%2Fv2%2Fcomments&post=33089"}],"version-history":[{"count":1,"href":"https:\/\/letempsmag.ma\/index.php?rest_route=\/wp\/v2\/posts\/33089\/revisions"}],"predecessor-version":[{"id":33090,"href":"https:\/\/letempsmag.ma\/index.php?rest_route=\/wp\/v2\/posts\/33089\/revisions\/33090"}],"wp:featuredmedia":[{"embeddable":true,"href":"https:\/\/letempsmag.ma\/index.php?rest_route=\/wp\/v2\/media\/33077"}],"wp:attachment":[{"href":"https:\/\/letempsmag.ma\/index.php?rest_route=%2Fwp%2Fv2%2Fmedia&parent=33089"}],"wp:term":[{"taxonomy":"category","embeddable":true,"href":"https:\/\/letempsmag.ma\/index.php?rest_route=%2Fwp%2Fv2%2Fcategories&post=33089"},{"taxonomy":"post_tag","embeddable":true,"href":"https:\/\/letempsmag.ma\/index.php?rest_route=%2Fwp%2Fv2%2Ftags&post=33089"}],"curies":[{"name":"wp","href":"https:\/\/api.w.org\/{rel}","templated":true}]}}