{"id":33083,"date":"2025-01-31T14:32:30","date_gmt":"2025-01-31T13:32:30","guid":{"rendered":"https:\/\/letempsmag.ma\/?p=33083"},"modified":"2025-01-31T14:32:30","modified_gmt":"2025-01-31T13:32:30","slug":"inwi-consacre-deux-fois-aux-love-brand-awards","status":"publish","type":"post","link":"https:\/\/letempsmag.ma\/?p=33083","title":{"rendered":"Inwi consacr\u00e9 deux fois aux \u00abLove Brand Awards\u00bb"},"content":{"rendered":"\n<p>L\u2019op\u00e9rateur Inwi a \u00e9t\u00e9 \u00e9lu marque nationale pr\u00e9f\u00e9r\u00e9e des Marocains, toutes cat\u00e9gories confondues, et marque la plus aim\u00e9e des Marocains dans la cat\u00e9gorie \u00abTelco &amp; Tech\u00bb lors des \u00abLove Brand Awards 2025\u00bb, organis\u00e9s par Les Imp\u00e9riales 2025, depuis le 27 janvier jusqu\u2019au 2 f\u00e9vrier prochain \u00e0 Casablanca.<\/p>\n\n\n\n<p>Cette double distinction confirme la confiance des consommateurs et la proximit\u00e9 d\u2019Inwi avec ses clients. Marque innovante et engag\u00e9e, elle s\u2019attache \u00e0 d\u00e9mocratiser les usages, anticiper les attentes des consommateurs et offrir des solutions technologiques toujours plus adapt\u00e9es aux besoins des Marocains.<\/p>\n\n\n\n<p>Cette nouvelle cons\u00e9cration vient ainsi r\u00e9compenser les efforts fournis par l\u2019op\u00e9rateur, fond\u00e9 sur l\u2019innovation et l\u2019exp\u00e9rience utilisateur, en faveur de la transformation num\u00e9rique du Maroc.&nbsp;<\/p>\n\n\n\n<p>Couvrant, cette ann\u00e9e, 12 cat\u00e9gories de marques, les \u00abLove Brand Awards\u00bb s\u2019appuient sur une \u00e9tude men\u00e9e par le cabinet Imp\u00e9rium, aupr\u00e8s d\u2019un \u00e9chantillon de 3.200 consommateurs. L\u2019objectif de cette enqu\u00eate est d\u2019identifier les marques pr\u00e9f\u00e9r\u00e9es et les personnalit\u00e9s les plus aim\u00e9es par les Marocains.<\/p>\n\n\n\n<p>Depuis son lancement en 2019, l\u2019\u00e9v\u00e9nement \u00abLes Imp\u00e9riales\u00bb s\u2019est impos\u00e9 comme un carrefour de rencontre incontournable pour les professionnels du Marketing, de la Communication et des M\u00e9dias.<\/p>\n","protected":false},"excerpt":{"rendered":"<p>L\u2019op\u00e9rateur Inwi a \u00e9t\u00e9 \u00e9lu marque nationale pr\u00e9f\u00e9r\u00e9e des Marocains, toutes cat\u00e9gories confondues, et marque la plus aim\u00e9e des Marocains dans la cat\u00e9gorie \u00abTelco &amp; Tech\u00bb lors des \u00abLove Brand Awards 2025\u00bb, organis\u00e9s par Les Imp\u00e9riales 2025, depuis le 27 janvier jusqu\u2019au 2 f\u00e9vrier prochain \u00e0 Casablanca. Cette double distinction confirme la confiance des consommateurs &hellip;<\/p>\n","protected":false},"author":9,"featured_media":33071,"comment_status":"open","ping_status":"closed","sticky":false,"template":"","format":"standard","meta":{"footnotes":""},"categories":[1431],"tags":[],"class_list":["post-33083","post","type-post","status-publish","format-standard","has-post-thumbnail","hentry","category-les-imperiales-2025"],"_links":{"self":[{"href":"https:\/\/letempsmag.ma\/index.php?rest_route=\/wp\/v2\/posts\/33083","targetHints":{"allow":["GET"]}}],"collection":[{"href":"https:\/\/letempsmag.ma\/index.php?rest_route=\/wp\/v2\/posts"}],"about":[{"href":"https:\/\/letempsmag.ma\/index.php?rest_route=\/wp\/v2\/types\/post"}],"author":[{"embeddable":true,"href":"https:\/\/letempsmag.ma\/index.php?rest_route=\/wp\/v2\/users\/9"}],"replies":[{"embeddable":true,"href":"https:\/\/letempsmag.ma\/index.php?rest_route=%2Fwp%2Fv2%2Fcomments&post=33083"}],"version-history":[{"count":1,"href":"https:\/\/letempsmag.ma\/index.php?rest_route=\/wp\/v2\/posts\/33083\/revisions"}],"predecessor-version":[{"id":33084,"href":"https:\/\/letempsmag.ma\/index.php?rest_route=\/wp\/v2\/posts\/33083\/revisions\/33084"}],"wp:featuredmedia":[{"embeddable":true,"href":"https:\/\/letempsmag.ma\/index.php?rest_route=\/wp\/v2\/media\/33071"}],"wp:attachment":[{"href":"https:\/\/letempsmag.ma\/index.php?rest_route=%2Fwp%2Fv2%2Fmedia&parent=33083"}],"wp:term":[{"taxonomy":"category","embeddable":true,"href":"https:\/\/letempsmag.ma\/index.php?rest_route=%2Fwp%2Fv2%2Fcategories&post=33083"},{"taxonomy":"post_tag","embeddable":true,"href":"https:\/\/letempsmag.ma\/index.php?rest_route=%2Fwp%2Fv2%2Ftags&post=33083"}],"curies":[{"name":"wp","href":"https:\/\/api.w.org\/{rel}","templated":true}]}}