{"id":33041,"date":"2025-01-29T13:40:19","date_gmt":"2025-01-29T12:40:19","guid":{"rendered":"https:\/\/letempsmag.ma\/?p=33041"},"modified":"2025-01-29T13:40:19","modified_gmt":"2025-01-29T12:40:19","slug":"sada-al-ibdae-ca-repart-avec-abdelhak-najib-pour-une-12eme-saison","status":"publish","type":"post","link":"https:\/\/letempsmag.ma\/?p=33041","title":{"rendered":"\u00abSada Al Ibdae\u00bb\u00a0: \u00e7a repart avec Abdelhak Najib pour une 12\u00e8me saison"},"content":{"rendered":"\n<p>C\u2019est l\u2019unique talk-show digne de ce nom \u00e0 la t\u00e9l\u00e9vision marocaine et il revient pour une 12<sup>\u00e8me<\/sup> saison sur la cha\u00eene \u00abAl Oula\u00bb. Le programme \u00abSada Al Ibdae\u00bb est une \u00e9mission grand public, mettant la lumi\u00e8re sur les arts et la culture au Maroc, sans jamais tomber dans la banalit\u00e9 ni la trivialit\u00e9 et l\u2019amateurisme qui est devenu la norme aujourd\u2019hui.<\/p>\n\n\n\n<p>De 2014 \u00e0 2025, cette \u00e9mission culturelle de la SNRT (Soci\u00e9t\u00e9 Nationale de Radiodiffusion et T\u00e9l\u00e9vision), diffus\u00e9e tous les samedis sur \u00abAl Oula\u00bb \u00e0 partir de 17h, a en effet entam\u00e9 une 12<sup>\u00e8me<\/sup> saison, avec un rendu de belle facture et une constance qui augure de nombreuses autres saisons pour le futur. \u00abSada Al Ibdae a fid\u00e9lis\u00e9 son public durant 12 saisons par la qualit\u00e9 de ce qu\u2019il propose aux t\u00e9l\u00e9spectateurs marocains. Il n\u2019y a pas de secret&nbsp;: seule la qualit\u00e9 perdure dans le temps\u00bb. C\u2019est clair et limpide. Les propos tenus par Abdelhak Najib, pr\u00e9sentateur de l\u2019\u00e9mission, confirment que dans un paysage t\u00e9l\u00e9visuel o\u00f9 les \u00e9missions et programmes consacr\u00e9s \u00e0 la culture et aux arts sont presque inexistants, quand un talk-show tel que \u00abSada Al Ibdae\u00bb tient la route durant plus d\u2019une d\u00e9cade, c\u2019est que le concept \u00e0 la base est bien ficel\u00e9 pour pouvoir s\u2019adapter au fil des ans \u00e0 toutes les actualit\u00e9s et r\u00e9pondre \u00e0 toutes les nouveaut\u00e9s, avec le m\u00eame \u00e9lan, la m\u00eame passion, la m\u00eame exigence, la m\u00eame rigueur et surtout le m\u00eame s\u00e9rieux, surtout \u00e0 une \u00e9poque o\u00f9 le futile le dispute au m\u00e9diocre et o\u00f9 la mauvaise blague tient lieu de discours culturel.<\/p>\n\n\n\n<p>Le secret du succ\u00e8s de cette \u00e9mission culturelle, produite en interne par la SNRT et diffus\u00e9e sur \u00abAl Oula\u00bb tous les samedis, est justement dans la capacit\u00e9 de son \u00e9quipe, avec son pr\u00e9sentateur principal (Abdelhak Najib) et ses deux chroniqueurs (Meriem Khalil et Mohamed Chouika), de tenir le niveau haut, de ne jamais c\u00e9der aux modes et autres glissements vers le trivial sous couvert de faire rire et amuser la galerie.<\/p>\n\n\n\n<p>\u00abSada Al Ibdaa se situe dans cette marge qui refuse les effets de mode et tient \u00e0 sa marque de fabrique, \u00e0 savoir&nbsp;: proposer aux t\u00e9l\u00e9spectateurs marocains et \u00e9trangers un contenu solide, des rubriques bien d\u00e9finies, un d\u00e9bat constructif, une lecture de l\u2019actualit\u00e9 culturelle et artistique du Maroc, faite dans la ma\u00eetrise, avec beaucoup de simplicit\u00e9, dans un langage accessible, sans tomber dans les lieux communs ni la vulgarit\u00e9 de circonstance, comme on peut le noter dans certains programmes\u00bb, comme le pr\u00e9cisent les membres de l\u2019\u00e9quipe.<\/p>\n\n\n\n<p>C\u2019est une exigence envers soi d\u2019abord en refusant de faire la promotion de la m\u00e9diocrit\u00e9 ambiante en choisissant les cr\u00e9ateurs s\u00e9rieux dans tous les domaines de la culture et des arts au Maroc&nbsp;: \u00abCette ligne de d\u00e9marcation est importante, parce qu\u2019elle d\u00e9finit l\u2019essence m\u00eame de cette \u00e9mission d\u00e9di\u00e9e aux belles choses, au savoir, \u00e0 la connaissance, au partage des id\u00e9es, aux questionnements sur nous-m\u00eames, sur notre soci\u00e9t\u00e9, sur nos valeurs humaines, sur nos aspirations intellectuelles, sur nos engagements au service du rayonnement de ce qui fait toute la force de l\u2019h\u00e9ritage humain marocain. Cela passe par des th\u00e8mes d\u2019une grande profondeur sur l\u2019Histoire du Royaume, sur l\u2019arch\u00e9ologie et sa relation avec le legs des civilisations anciennes, sur l\u2019anthropologie, sur la philosophie comme mode de pens\u00e9e et de vie, sur la po\u00e9sie, comme viatique humain surtout dans une \u00e9poque o\u00f9 la mat\u00e9rialit\u00e9 domine, sur le th\u00e9\u00e2tre, cet art premier qui est le socle et le miroir r\u00e9fl\u00e9chissant de toute soci\u00e9t\u00e9, sur la musique dans ses diff\u00e9rentes tonalit\u00e9s et m\u00e9lodies, sur les expressions du corps dans ce qu\u2019il a de noble et de symbolique, sur la qu\u00eate du savoir \u00e0 une \u00e9poque o\u00f9 l\u2019indigence intellectuelle est devenue de plus en plus prononc\u00e9e\u00bb, pr\u00e9cise encore l\u2019\u00e9quipe de \u00abSada Al Ibdae\u00bb.<\/p>\n\n\n\n<p>Cela passe aussi par tous ces hommages aux grandes figures de la pens\u00e9e et des arts au Maroc. Toutes ces personnalit\u00e9s qui ont laiss\u00e9 derri\u00e8re elles tout un legs qui doit servir de flambeau et de passage de t\u00e9moin aux g\u00e9n\u00e9rations futures. Rendre hommage \u00e0 Fat\u00e9ma Mernissi, \u00e0 Mohamed Aziz Lahbabi, \u00e0 Mohamed Abed El Jabri, \u00e0 Tayeb Seddiki, \u00e0 Abdelk\u00e9bir Khatibi, \u00e0 Chaibia Talal \u00e0 tant d\u2019autres grands noms des arts plastiques marocains, faire conna\u00eetre les nouveaux visages de la litt\u00e9rature marocaines, toutes expressions confondues, dans une belle ouverture sur les autres langues, sur les cultures du monde, sur ce dialogue entre les civilisations, dans ce qu\u2019elles ont de plus humains et de plus fondamental.<\/p>\n\n\n\n<p>C\u2019est cela qui fait la force de \u00abSada Al Ibdae\u00bb&nbsp;: respecter le t\u00e9l\u00e9spectateur marocain en lui donnant \u00e0 voir un programme qui \u00e9l\u00e8ve ses go\u00fbts, qui le porte vers le haut, dans ces sph\u00e8res o\u00f9 la beaut\u00e9 et l\u2019acuit\u00e9 sont c\u00e9l\u00e9br\u00e9es pour participer \u00e0 doter le Maroc d\u2019exigences pour ne jamais perdre de vue ses richesses historique, son patrimoine humain et la diversit\u00e9 de ces cultures, qui en font un Royaume \u00e0 part, avec des particularit\u00e9s qu\u2019il faut toujours mettre en avant. \u00abSada Al Ibdae\u00bb remplit ce vide en apportant un regard diff\u00e9rent sur la culture, d\u00e9clin\u00e9e dans une approche qui refuse l\u2019\u00e9litisme et va \u00e0 la rencontre du public, dans ses plus larges franges. Le choix de faire une \u00e9mission en darija bien soign\u00e9e, est un atout important qui garantit justement le succ\u00e8s d\u2019un programme dont le cr\u00e9do est la culture pour tous. L\u2019\u00e9l\u00e9ment de la langue est capital dans ce sens que l\u2019on peut s\u2019adresser \u00e0 un grand nombre de personnes et pas uniquement les intellectuels dans un jargon bien \u00e9tabli qui peut parfois devenir barbant.<\/p>\n\n\n\n<p>C\u2019est cette estime pour l\u2019intelligence des t\u00e9l\u00e9spectateurs et ce refus de brader la culture qui distinguent \u00abSada Al Ibdae\u00bb et nous garantissent chaque Week-end une heure de culture de belle facture, en famille, entre amis, avec cette garantie : il y a toujours \u00e0 apprendre dans ce programme qui \u00e9vite la langue de bois et la complaisance et va \u00e0 l\u2019essentiel. Sans oublier \u00e9galement cette ambiance de d\u00e9contraction \u00e0 l\u2019instar de ce qui se fait ailleurs dans les \u00e9missions de ce genre, ce qui fait beaucoup de bien \u00e0 ce programme, qui s\u2019est franchement am\u00e9lior\u00e9 par le rire, par la rigolade, avec un esprit plus l\u00e9ger, sans tomber dans la l\u00e9g\u00e8ret\u00e9, pour faire de ce d\u00e9but de soir\u00e9e du samedi un moment de d\u00e9tente, d\u2019apprentissage, de convivialit\u00e9 et d\u2019humour.<\/p>\n\n\n\n<p>M. E.<\/p>\n","protected":false},"excerpt":{"rendered":"<p>C\u2019est l\u2019unique talk-show digne de ce nom \u00e0 la t\u00e9l\u00e9vision marocaine et il revient pour une 12\u00e8me saison sur la cha\u00eene \u00abAl Oula\u00bb. Le programme \u00abSada Al Ibdae\u00bb est une \u00e9mission grand public, mettant la lumi\u00e8re sur les arts et la culture au Maroc, sans jamais tomber dans la banalit\u00e9 ni la trivialit\u00e9 et l\u2019amateurisme &hellip;<\/p>\n","protected":false},"author":9,"featured_media":33026,"comment_status":"open","ping_status":"closed","sticky":false,"template":"","format":"standard","meta":{"footnotes":""},"categories":[480],"tags":[],"class_list":["post-33041","post","type-post","status-publish","format-standard","has-post-thumbnail","hentry","category-television"],"_links":{"self":[{"href":"https:\/\/letempsmag.ma\/index.php?rest_route=\/wp\/v2\/posts\/33041","targetHints":{"allow":["GET"]}}],"collection":[{"href":"https:\/\/letempsmag.ma\/index.php?rest_route=\/wp\/v2\/posts"}],"about":[{"href":"https:\/\/letempsmag.ma\/index.php?rest_route=\/wp\/v2\/types\/post"}],"author":[{"embeddable":true,"href":"https:\/\/letempsmag.ma\/index.php?rest_route=\/wp\/v2\/users\/9"}],"replies":[{"embeddable":true,"href":"https:\/\/letempsmag.ma\/index.php?rest_route=%2Fwp%2Fv2%2Fcomments&post=33041"}],"version-history":[{"count":1,"href":"https:\/\/letempsmag.ma\/index.php?rest_route=\/wp\/v2\/posts\/33041\/revisions"}],"predecessor-version":[{"id":33042,"href":"https:\/\/letempsmag.ma\/index.php?rest_route=\/wp\/v2\/posts\/33041\/revisions\/33042"}],"wp:featuredmedia":[{"embeddable":true,"href":"https:\/\/letempsmag.ma\/index.php?rest_route=\/wp\/v2\/media\/33026"}],"wp:attachment":[{"href":"https:\/\/letempsmag.ma\/index.php?rest_route=%2Fwp%2Fv2%2Fmedia&parent=33041"}],"wp:term":[{"taxonomy":"category","embeddable":true,"href":"https:\/\/letempsmag.ma\/index.php?rest_route=%2Fwp%2Fv2%2Fcategories&post=33041"},{"taxonomy":"post_tag","embeddable":true,"href":"https:\/\/letempsmag.ma\/index.php?rest_route=%2Fwp%2Fv2%2Ftags&post=33041"}],"curies":[{"name":"wp","href":"https:\/\/api.w.org\/{rel}","templated":true}]}}