{"id":32886,"date":"2025-01-21T09:34:17","date_gmt":"2025-01-21T08:34:17","guid":{"rendered":"https:\/\/letempsmag.ma\/?p=32886"},"modified":"2025-01-21T09:34:17","modified_gmt":"2025-01-21T08:34:17","slug":"auzee-veut-reinventer-la-mode-marocaine","status":"publish","type":"post","link":"https:\/\/letempsmag.ma\/?p=32886","title":{"rendered":"Auz\u00e9e veut r\u00e9inventer la mode marocaine"},"content":{"rendered":"\n<p>L\u2019univers de la mode \u00e0 Casablanca a vu, le 16 janvier dernier, le lancement officiel d\u2019Auz\u00e9e, une nouvelle marque qui souhaite insuffler fra\u00eecheur et innovation au pr\u00eat-\u00e0-porter marocain. Dans un cadre somptueux, le d\u00e9fil\u00e9 inaugural a d\u00e9voil\u00e9 une premi\u00e8re collection exceptionnelle c\u00e9l\u00e9brant la f\u00e9minit\u00e9 marocaine sous toutes ses formes.<\/p>\n\n\n\n<p><strong><em>Un d\u00e9fil\u00e9 d\u2019\u00e9clat et d\u2019audace<\/em><\/strong><\/p>\n\n\n\n<p>Plus qu\u2019un d\u00e9fil\u00e9, l\u2019\u00e9v\u00e9nement a transport\u00e9 les invit\u00e9s dans une exp\u00e9rience sensorielle unique. Des performances d\u2019une acrobate et de danseurs, une chor\u00e9graphie captivante, un cocktail d\u00eenatoire \u00e9l\u00e9gant et un set de DJ \u00e9lectrisant ont rythm\u00e9 la soir\u00e9e. Tout, des lumi\u00e8res aux mannequins, en passant par la musique et les tenues, a \u00e9t\u00e9 minutieusement pens\u00e9 pour \u00e9blouir et marquer les esprits. Ce premier opus pose les bases d\u2019un rendez-vous annuel incontournable, con\u00e7u pour r\u00e9inventer l\u2019exp\u00e9rience des d\u00e9fil\u00e9s classiques et surprendre \u00e0 chaque \u00e9dition.<\/p>\n\n\n\n<p><strong><em>Auz\u00e9e&nbsp;: un lancement visionnaire<\/em><\/strong><\/p>\n\n\n\n<p>Fond\u00e9e par une avocate visionnaire, Auz\u00e9e est le fruit d\u2019un r\u00eave d\u2019enfance devenu r\u00e9alit\u00e9. Apr\u00e8s 14 ans pass\u00e9s au Canada et une brillante carri\u00e8re en droit, la fondatrice, install\u00e9e \u00e0 Casablanca, a mis \u00e0 profit sa discipline et son ambition pour cr\u00e9er une marque qui bouscule les standards de la mode marocaine. Cette premi\u00e8re collection s\u2019adresse aux femmes fortes, modernes, libres et inspirantes. Des tenues qui marient audace et \u00e9l\u00e9gance, douceur et puissance, pour celles qui assument leur individualit\u00e9 et vivent sans compromis. Les pi\u00e8ces, con\u00e7ues avec des tissus haut de gamme tels que le cr\u00eape de soie, la mousseline et l\u2019organza, sont le r\u00e9sultat d\u2019un travail m\u00e9ticuleux et passionn\u00e9.<\/p>\n\n\n\n<p><strong><em>M\u00e9lange d\u2019h\u00e9ritage et d\u2019avant-garde<\/em><\/strong><\/p>\n\n\n\n<p>Cr\u00e9\u00e9e \u00e0 Casablanca, Auz\u00e9e incarne l\u2019innovation et le respect des traditions marocaines. Les collections sont limit\u00e9es entre 10 et 15 pi\u00e8ces par mod\u00e8le, garantissant exclusivit\u00e9 et qualit\u00e9 irr\u00e9prochable. Le style \u00abmoderne chic\u00bb, ponctu\u00e9 d\u2019une touche de sensualit\u00e9 que la marque qualifie de \u00abos\u00e9\u00bb, red\u00e9finit les contours de la mode marocaine contemporaine. Cette premi\u00e8re collection int\u00e8gre subtilement des \u00e9l\u00e9ments du patrimoine marocain, notamment \u00e0 travers des coupes \u00e9l\u00e9gantes et des d\u00e9tails inspir\u00e9s du zellige. La collection comprend des v\u00eatements de jour, de soir\u00e9e, et des pi\u00e8ces versatiles qui peuvent \u00eatre port\u00e9es de diff\u00e9rentes mani\u00e8res, permettant \u00e0 chaque femme de s\u2019approprier sa tenue selon ses envies.<\/p>\n\n\n\n<p><strong><em>Showroom exclusif et vente priv\u00e9e<\/em><\/strong><\/p>\n\n\n\n<p>Apr\u00e8s ce lancement, Auz\u00e9e invite les passionn\u00e9s de mode \u00e0 d\u00e9couvrir la collection dans un showroom exclusif et lors d\u2019une vente priv\u00e9e. Chaque pi\u00e8ce incarne l\u2019essence d\u2019une marque d\u00e9di\u00e9e \u00e0 sublimer les femmes marocaines d\u2019aujourd\u2019hui et de demain.<\/p>\n\n\n\n<p>Avec la signature Auz\u00e9e, Casablanca devient le th\u00e9\u00e2tre d\u2019une mode nouvelle, audacieuse et inspirante. Sa premi\u00e8re collection marque le d\u00e9but d\u2019une aventure qui c\u00e9l\u00e8bre l\u2019\u00e9l\u00e9gance, la force et la singularit\u00e9 des femmes marocaines. Pour explorer l\u2019univers d\u2019Auz\u00e9e&nbsp;: \u00abwww.auzee.ma\u00bb.<\/p>\n","protected":false},"excerpt":{"rendered":"<p>L\u2019univers de la mode \u00e0 Casablanca a vu, le 16 janvier dernier, le lancement officiel d\u2019Auz\u00e9e, une nouvelle marque qui souhaite insuffler fra\u00eecheur et innovation au pr\u00eat-\u00e0-porter marocain. Dans un cadre somptueux, le d\u00e9fil\u00e9 inaugural a d\u00e9voil\u00e9 une premi\u00e8re collection exceptionnelle c\u00e9l\u00e9brant la f\u00e9minit\u00e9 marocaine sous toutes ses formes. Un d\u00e9fil\u00e9 d\u2019\u00e9clat et d\u2019audace Plus &hellip;<\/p>\n","protected":false},"author":9,"featured_media":32878,"comment_status":"open","ping_status":"closed","sticky":false,"template":"","format":"standard","meta":{"footnotes":""},"categories":[1074],"tags":[],"class_list":["post-32886","post","type-post","status-publish","format-standard","has-post-thumbnail","hentry","category-fashion"],"_links":{"self":[{"href":"https:\/\/letempsmag.ma\/index.php?rest_route=\/wp\/v2\/posts\/32886","targetHints":{"allow":["GET"]}}],"collection":[{"href":"https:\/\/letempsmag.ma\/index.php?rest_route=\/wp\/v2\/posts"}],"about":[{"href":"https:\/\/letempsmag.ma\/index.php?rest_route=\/wp\/v2\/types\/post"}],"author":[{"embeddable":true,"href":"https:\/\/letempsmag.ma\/index.php?rest_route=\/wp\/v2\/users\/9"}],"replies":[{"embeddable":true,"href":"https:\/\/letempsmag.ma\/index.php?rest_route=%2Fwp%2Fv2%2Fcomments&post=32886"}],"version-history":[{"count":1,"href":"https:\/\/letempsmag.ma\/index.php?rest_route=\/wp\/v2\/posts\/32886\/revisions"}],"predecessor-version":[{"id":32887,"href":"https:\/\/letempsmag.ma\/index.php?rest_route=\/wp\/v2\/posts\/32886\/revisions\/32887"}],"wp:featuredmedia":[{"embeddable":true,"href":"https:\/\/letempsmag.ma\/index.php?rest_route=\/wp\/v2\/media\/32878"}],"wp:attachment":[{"href":"https:\/\/letempsmag.ma\/index.php?rest_route=%2Fwp%2Fv2%2Fmedia&parent=32886"}],"wp:term":[{"taxonomy":"category","embeddable":true,"href":"https:\/\/letempsmag.ma\/index.php?rest_route=%2Fwp%2Fv2%2Fcategories&post=32886"},{"taxonomy":"post_tag","embeddable":true,"href":"https:\/\/letempsmag.ma\/index.php?rest_route=%2Fwp%2Fv2%2Ftags&post=32886"}],"curies":[{"name":"wp","href":"https:\/\/api.w.org\/{rel}","templated":true}]}}