{"id":32873,"date":"2025-01-21T09:31:14","date_gmt":"2025-01-21T08:31:14","guid":{"rendered":"https:\/\/letempsmag.ma\/?p=32873"},"modified":"2025-01-21T09:31:14","modified_gmt":"2025-01-21T08:31:14","slug":"ford-performance-sur-le-podium-du-rallye-dakar-2025","status":"publish","type":"post","link":"https:\/\/letempsmag.ma\/?p=32873","title":{"rendered":"Ford Performance sur le podium du Rallye Dakar 2025"},"content":{"rendered":"\n<p>Ford Performance a marqu\u00e9 le Rallye Dakar 2025 avec une troisi\u00e8me place sur le podium dans la cat\u00e9gorie Ultimate, une performance remarquable pour sa premi\u00e8re participation avec le Ford Raptor T1+. Pendant plus de deux semaines, l\u2019\u00e9quipe Ford M-Sport a affront\u00e9 les terrains les plus impitoyables de la plan\u00e8te, d\u00e9montrant son talent, sa d\u00e9termination et son esprit d\u2019\u00e9quipe, tout en d\u00e9crochant plusieurs victoires d\u2019\u00e9tape dans le d\u00e9sert saoudien.<\/p>\n\n\n\n<p>Mattias Ekstr\u00f6m et Emil Bergkvist ont d\u00e9croch\u00e9 la troisi\u00e8me place au classement g\u00e9n\u00e9ral, couronnant leur rallye par une victoire d\u00e9cisive lors de la 11<sup>\u00e8me<\/sup> \u00e9tape dans l\u2019Empty Quarter. D\u00e8s le d\u00e9part, le duo a montr\u00e9 sa comp\u00e9titivit\u00e9, d\u00e9crochant une deuxi\u00e8me place lors du Prologue \u00e0 une seconde seulement du leader, suivie d\u2019une troisi\u00e8me place \u00e0 l\u2019issue de la cinqui\u00e8me \u00e9tape. Lors de la septi\u00e8me \u00e9tape, Ekstr\u00f6m a pris la deuxi\u00e8me position, tandis que Mitch Guthrie Jr a compl\u00e9t\u00e9 le podium en troisi\u00e8me place. Guthrie a poursuivi sur sa lanc\u00e9e avec une solide cinqui\u00e8me place finale, t\u00e9moignant de sa progression et de son potentiel pour les \u00e9ditions futures du Dakar. Avec une victoire d\u2019\u00e9tape \u00e9galement sign\u00e9e par Nani Roma, le Ford Raptor T1+ a confirm\u00e9 sa capacit\u00e9 \u00e0 rivaliser au plus haut niveau sur la sc\u00e8ne mondiale.<\/p>\n\n\n\n<p>\u00abEn tant qu&#8217;\u00e9quipe, nous avons de quoi \u00eatre fiers d&#8217;avoir rivalis\u00e9 avec les meilleurs, tout en maintenant un rythme soutenu et une constance remarquable\u00bb, a affirm\u00e9 Matthias Ekstr\u00f6m. \u00abLe Ford Raptor T1+ a d\u00e9montr\u00e9 une qualit\u00e9 exceptionnelle tout au long de cette course extr\u00eamement exigeante. Je suis d\u00e9j\u00e0 impatient de revenir l&#8217;ann\u00e9e prochaine pour tenter de d\u00e9crocher la victoire au classement g\u00e9n\u00e9ral\u00bb.<\/p>\n\n\n\n<p>Cette \u00e9dition du Rallye Dakar a \u00e9t\u00e9 l\u2019une des plus \u00e9prouvantes de son histoire. Les \u00e9tapes Chrono 48h et Marathon ont marqu\u00e9 une premi\u00e8re moiti\u00e9 de course intense, tandis que l\u2019Empty Quarter, un d\u00e9sert de dunes inhospitalier, a pos\u00e9 un ultime d\u00e9fi aux concurrents. L\u2019\u00e9dition a \u00e9galement \u00e9t\u00e9 ponctu\u00e9e d\u2019exploits remarquables sign\u00e9s Carlos Sainz Sr, Mitch Guthrie Jr. et Nani Roma. Lors de l\u2019\u00e9tape Chrono 48h, Carlos Sainz Sr. a livr\u00e9 l\u2019un des moments les plus m\u00e9morables du rallye. Apr\u00e8s un tonneau en d\u00e9but de parcours, lui et son copilote Lucas Cruz ont refus\u00e9 d\u2019abandonner. Avec l\u2019aide essentielle de Mitch Guthrie Jr., leur co\u00e9quipier, Sainz a r\u00e9ussi \u00e0 terminer l\u2019\u00e9tape, incarnant avec brio la d\u00e9termination et l\u2019esprit d\u2019\u00e9quipe qui d\u00e9finissent la devise Built Ford Tough.<\/p>\n\n\n\n<p>Nani Roma a sign\u00e9 une victoire remarquable lors de la 10<sup>\u00e8me<\/sup> \u00e9tape, ma\u00eetrisant des dunes particuli\u00e8rement dangereuses pour s&#8217;imposer avec brio. Cette performance, sa premi\u00e8re victoire d&#8217;\u00e9tape en dix ans, marque \u00e9galement une \u00e9tape historique pour l&#8217;\u00e9quipe Ford M-Sport, mettant en lumi\u00e8re le talent exceptionnel de ses membres et la capacit\u00e9 du Raptor T1+ \u00e0 exceller dans des conditions extr\u00eames.<\/p>\n\n\n\n<p>De son c\u00f4t\u00e9, Mitch Guthrie Jr, qui participait pour la premi\u00e8re fois au Dakar dans la cat\u00e9gorie Ultimate et figurait parmi les rares Am\u00e9ricains en lice, a r\u00e9alis\u00e9 une course impressionnante. Aux c\u00f4t\u00e9s de son copilote Kellon Walch, il a affich\u00e9 vitesse, r\u00e9gularit\u00e9 et ma\u00eetrise pour d\u00e9crocher une excellente cinqui\u00e8me place au classement g\u00e9n\u00e9ral.<\/p>\n\n\n\n<p>\u00abLe Rallye Dakar est un d\u00e9fi sans \u00e9gal dans le monde du sport automobile. Cette ann\u00e9e, notre \u00e9quipe a brillamment r\u00e9pondu \u00e0 l\u2019appel\u00bb, d\u00e9clare Mark Rushbrook, Directeur Mondial de Ford Performance. \u00abMattias, Carlos, Mitch, Nani et l\u2019ensemble de l\u2019\u00e9quipe ont d\u00e9montr\u00e9 non seulement les performances exceptionnelles du Ford Raptor T1+, mais aussi la r\u00e9silience qui incarne l\u2019esprit Ford. Ce rallye restera une \u00e9tape marquante, et je suis immens\u00e9ment fier de ce que nous avons accompli. Nous avons prouv\u00e9 que le Raptor allie vitesse et robustesse pour affronter les conditions les plus extr\u00eames, et nous sommes d\u00e9sormais tourn\u00e9s vers le reste du Championnat du monde FIA de Rallye-Raid\u00bb.<\/p>\n\n\n\n<p>Le Rallye Dakar 2025 a mis en avant l\u2019excellence technologique du Ford Raptor T1+, un v\u00e9hicule con\u00e7u pour exceller dans les environnements tout-terrain les plus extr\u00eames. Dot\u00e9 d\u2019amortisseurs FOX de pointe, sp\u00e9cifiquement d\u00e9velopp\u00e9s pour les quatre v\u00e9hicules Ford en comp\u00e9tition, et propuls\u00e9 par un moteur V8 Coyote 5.0 embl\u00e9matique, le Raptor T1+ a fait r\u00e9sonner sa puissance dans le d\u00e9sert tout au long des 12 jours de course.<\/p>\n\n\n\n<p>\u00abCette course a \u00e9t\u00e9 marqu\u00e9e par des moments de grandes joies, mais aussi de v\u00e9ritables d\u00e9fis\u00bb, explique Matthew Wilson, Directeur de l\u2019\u00e9quipe Ford M-Sport. \u00abPerdre Carlos si t\u00f4t dans la course et vivre la d\u00e9ception de Nani avec ses probl\u00e8mes techniques ont \u00e9t\u00e9 des coups durs pour l\u2019\u00e9quipe. Cependant, nous nous sommes mobilis\u00e9s autour de Matthias et Mitch, ce qui nous a permis de d\u00e9crocher un podium et de placer deux voitures dans le top cinq. Pour une premi\u00e8re participation compl\u00e8te avec le Ford Raptor T1+, c\u2019est un excellent d\u00e9but pour tout le programme. Ce fut une exp\u00e9rience incroyable. L\u2019\u00e9quipe a \u00e9t\u00e9 formidable au cours des trois derni\u00e8res semaines, mais nous sommes d\u00e9sormais concentr\u00e9s sur le reste de la saison de Rallye-Raid avec un enthousiasme et une confiance renouvel\u00e9s\u00bb.<\/p>\n\n\n\n<p>Alors que Ford Performance vient de c\u00e9l\u00e9brer ce beau podium, l&#8217;\u00e9quipe se tourne d\u00e9sormais vers le Championnat du Monde FIA de Rallye-Raid o\u00f9 le T1+ continuera de se d\u00e9marquer et de se faire entendre tout au long de la saison 2025&nbsp;!<\/p>\n\n\n\n<p><strong><em>\u00c0 propos de Ford Motor Company<\/em><\/strong><\/p>\n\n\n\n<p>Ford Motor Company est une entreprise mondiale bas\u00e9e \u00e0 Dearborn, dans le Michigan (\u00c9tats-Unis), qui s&#8217;engage \u00e0 construire un monde meilleur, o\u00f9 chaque personne est libre de se d\u00e9placer et de poursuivre ses r\u00eaves. Le plan Ford+ de l&#8217;entreprise pour la croissance et la cr\u00e9ation de valeur combine des atouts existants, de nouvelles capacit\u00e9s et des relations permanentes avec les clients pour enrichir les exp\u00e9riences et renforcer la fid\u00e9lit\u00e9 de ces derniers. Ford d\u00e9veloppe et propose des camions Ford, des v\u00e9hicules utilitaires sport, des fourgonnettes commerciales et des voitures indispensables ainsi que des v\u00e9hicules de luxe Lincoln, en plus de services connect\u00e9s. De plus, Ford se positionne comme leader dans les solutions de mobilit\u00e9, y compris la technologie de conduite autonome, et offre des services financiers par le biais de Ford Motor Credit Company. Ford emploie environ 177.000 personnes dans le monde.<\/p>\n\n\n\n<p><strong><em>\u00c0 propos de Ford Performance<\/em><\/strong><\/p>\n\n\n\n<p>Ford Performance est charg\u00e9 du d\u00e9veloppement des v\u00e9hicules de performance de Ford ainsi que des principales op\u00e9rations de course \u00e0 l&#8217;\u00e9chelle mondiale. Cela inclut notamment NASCAR, IMSA, SRO, British GT, FIA World Rally Championship, Supercars Championship, World of Outlaws, Ultra4, SCORE-International, FIA Rally-Raid, Formula Drift, NHRA, Rebelle Rally, Thailand Super Series, ainsi que notre r\u00e9cent engagement en Formule 1 avec Red Bull Ford Powertrains. Ford Performance dispose \u00e9galement d&#8217;une flotte en constante \u00e9volution de d\u00e9monstrateurs de performance \u00e9lectriques, illustrant les limites des technologies d&#8217;\u00e9lectrification. En outre, l&#8217;organisation supervise le d\u00e9veloppement des moteurs de course de Ford et anime des programmes de sensibilisation \u00e0 destination de tous les clubs et passionn\u00e9s de la marque.<\/p>\n","protected":false},"excerpt":{"rendered":"<p>Ford Performance a marqu\u00e9 le Rallye Dakar 2025 avec une troisi\u00e8me place sur le podium dans la cat\u00e9gorie Ultimate, une performance remarquable pour sa premi\u00e8re participation avec le Ford Raptor T1+. Pendant plus de deux semaines, l\u2019\u00e9quipe Ford M-Sport a affront\u00e9 les terrains les plus impitoyables de la plan\u00e8te, d\u00e9montrant son talent, sa d\u00e9termination et &hellip;<\/p>\n","protected":false},"author":9,"featured_media":32874,"comment_status":"open","ping_status":"closed","sticky":false,"template":"","format":"standard","meta":{"footnotes":""},"categories":[1227],"tags":[],"class_list":["post-32873","post","type-post","status-publish","format-standard","has-post-thumbnail","hentry","category-sports-mecaniques"],"_links":{"self":[{"href":"https:\/\/letempsmag.ma\/index.php?rest_route=\/wp\/v2\/posts\/32873","targetHints":{"allow":["GET"]}}],"collection":[{"href":"https:\/\/letempsmag.ma\/index.php?rest_route=\/wp\/v2\/posts"}],"about":[{"href":"https:\/\/letempsmag.ma\/index.php?rest_route=\/wp\/v2\/types\/post"}],"author":[{"embeddable":true,"href":"https:\/\/letempsmag.ma\/index.php?rest_route=\/wp\/v2\/users\/9"}],"replies":[{"embeddable":true,"href":"https:\/\/letempsmag.ma\/index.php?rest_route=%2Fwp%2Fv2%2Fcomments&post=32873"}],"version-history":[{"count":1,"href":"https:\/\/letempsmag.ma\/index.php?rest_route=\/wp\/v2\/posts\/32873\/revisions"}],"predecessor-version":[{"id":32881,"href":"https:\/\/letempsmag.ma\/index.php?rest_route=\/wp\/v2\/posts\/32873\/revisions\/32881"}],"wp:featuredmedia":[{"embeddable":true,"href":"https:\/\/letempsmag.ma\/index.php?rest_route=\/wp\/v2\/media\/32874"}],"wp:attachment":[{"href":"https:\/\/letempsmag.ma\/index.php?rest_route=%2Fwp%2Fv2%2Fmedia&parent=32873"}],"wp:term":[{"taxonomy":"category","embeddable":true,"href":"https:\/\/letempsmag.ma\/index.php?rest_route=%2Fwp%2Fv2%2Fcategories&post=32873"},{"taxonomy":"post_tag","embeddable":true,"href":"https:\/\/letempsmag.ma\/index.php?rest_route=%2Fwp%2Fv2%2Ftags&post=32873"}],"curies":[{"name":"wp","href":"https:\/\/api.w.org\/{rel}","templated":true}]}}