{"id":32809,"date":"2025-01-17T10:53:18","date_gmt":"2025-01-17T09:53:18","guid":{"rendered":"https:\/\/letempsmag.ma\/?p=32809"},"modified":"2025-01-17T10:53:18","modified_gmt":"2025-01-17T09:53:18","slug":"vague-de-froid-exceptionnel-sur-le-royaume","status":"publish","type":"post","link":"https:\/\/letempsmag.ma\/?p=32809","title":{"rendered":"Vague de froid exceptionnel sur le Royaume"},"content":{"rendered":"\n<p>Voici les pr\u00e9visions m\u00e9t\u00e9orologiques \u00e9tablies par la Direction G\u00e9n\u00e9rale de la M\u00e9t\u00e9orologie pour aujourd\u2019hui, vendredi 17 janvier 2025&nbsp;:<\/p>\n\n\n\n<p>&#8211; Chutes de neige sur le Moyen Atlas, les Hauts plateaux orientaux et les sommets du Rif.<\/p>\n\n\n\n<p>&#8211; Pluies et averses faibles \u00e0 localement mod\u00e9r\u00e9es sur la rive m\u00e9diterran\u00e9enne, le Rif et le Sa\u00efss, le Moyen Atlas et l\u2019Oriental.<\/p>\n\n\n\n<p>&#8211; Faibles pluies probables sur les plaines atlantiques au Nord d\u2019El Jadida.<\/p>\n\n\n\n<p>&#8211; Vent de Nord-Est faible \u00e0 mod\u00e9r\u00e9 sur l\u2019Oriental, de Sud-Ouest faible sur les plaines atlantiques Nord et de secteur Nord faible \u00e0 mod\u00e9r\u00e9 en g\u00e9n\u00e9ral ailleurs.<\/p>\n\n\n\n<p>&#8211; Temp\u00e9rature minimale de l\u2019ordre de -08\/-03\u00b0C sur les Haut et Moyen Atlas, -03\/01\u00b0C sur le Rif, les hauts plateaux orientaux et sur les versants Sud-Est, 03\/05\u00b0C sur les plaines atlantiques Nord et de l\u2019ordre de 06\/11\u00b0C ailleurs.<\/p>\n\n\n\n<p>&#8211; Mer peu agit\u00e9e \u00e0 agit\u00e9e en M\u00e9diterran\u00e9e et sur le D\u00e9troit, agit\u00e9e sur les c\u00f4tes atlantiques et localement peu agit\u00e9e \u00e0 agit\u00e9e entre Tan-Tan et Cap Barbas.<\/p>\n","protected":false},"excerpt":{"rendered":"<p>Voici les pr\u00e9visions m\u00e9t\u00e9orologiques \u00e9tablies par la Direction G\u00e9n\u00e9rale de la M\u00e9t\u00e9orologie pour aujourd\u2019hui, vendredi 17 janvier 2025&nbsp;: &#8211; Chutes de neige sur le Moyen Atlas, les Hauts plateaux orientaux et les sommets du Rif. &#8211; Pluies et averses faibles \u00e0 localement mod\u00e9r\u00e9es sur la rive m\u00e9diterran\u00e9enne, le Rif et le Sa\u00efss, le Moyen Atlas &hellip;<\/p>\n","protected":false},"author":9,"featured_media":32797,"comment_status":"open","ping_status":"closed","sticky":false,"template":"","format":"standard","meta":{"footnotes":""},"categories":[234],"tags":[],"class_list":["post-32809","post","type-post","status-publish","format-standard","has-post-thumbnail","hentry","category-meteo-2"],"_links":{"self":[{"href":"https:\/\/letempsmag.ma\/index.php?rest_route=\/wp\/v2\/posts\/32809","targetHints":{"allow":["GET"]}}],"collection":[{"href":"https:\/\/letempsmag.ma\/index.php?rest_route=\/wp\/v2\/posts"}],"about":[{"href":"https:\/\/letempsmag.ma\/index.php?rest_route=\/wp\/v2\/types\/post"}],"author":[{"embeddable":true,"href":"https:\/\/letempsmag.ma\/index.php?rest_route=\/wp\/v2\/users\/9"}],"replies":[{"embeddable":true,"href":"https:\/\/letempsmag.ma\/index.php?rest_route=%2Fwp%2Fv2%2Fcomments&post=32809"}],"version-history":[{"count":1,"href":"https:\/\/letempsmag.ma\/index.php?rest_route=\/wp\/v2\/posts\/32809\/revisions"}],"predecessor-version":[{"id":32810,"href":"https:\/\/letempsmag.ma\/index.php?rest_route=\/wp\/v2\/posts\/32809\/revisions\/32810"}],"wp:featuredmedia":[{"embeddable":true,"href":"https:\/\/letempsmag.ma\/index.php?rest_route=\/wp\/v2\/media\/32797"}],"wp:attachment":[{"href":"https:\/\/letempsmag.ma\/index.php?rest_route=%2Fwp%2Fv2%2Fmedia&parent=32809"}],"wp:term":[{"taxonomy":"category","embeddable":true,"href":"https:\/\/letempsmag.ma\/index.php?rest_route=%2Fwp%2Fv2%2Fcategories&post=32809"},{"taxonomy":"post_tag","embeddable":true,"href":"https:\/\/letempsmag.ma\/index.php?rest_route=%2Fwp%2Fv2%2Ftags&post=32809"}],"curies":[{"name":"wp","href":"https:\/\/api.w.org\/{rel}","templated":true}]}}