{"id":32785,"date":"2025-01-16T11:28:50","date_gmt":"2025-01-16T10:28:50","guid":{"rendered":"https:\/\/letempsmag.ma\/?p=32785"},"modified":"2025-01-16T11:28:50","modified_gmt":"2025-01-16T10:28:50","slug":"meydene-production-presente-halimiyate-un-voyage-dans-les-chefs-doeuvre-du-rossignol-brun","status":"publish","type":"post","link":"https:\/\/letempsmag.ma\/?p=32785","title":{"rendered":"Meydene Production pr\u00e9sente \u00abHalimiyate\u00bb, un voyage dans les chefs-d\u2019\u0153uvre du Rossignol Brun"},"content":{"rendered":"\n<p>Meydene Production, le nouveau label du Th\u00e9\u00e2tre Meydene \u00e0 M Avenue Marrakech, marque son entr\u00e9e dans la production culturelle avec un hommage exceptionnel \u00e0 Abdel-Halim Hafed, ic\u00f4ne intemporelle de la musique romantique arabe. Avec cette initiative ambitieuse, Meydene affirme sa volont\u00e9 d\u2019aller au-del\u00e0 des murs de son th\u00e9\u00e2tre embl\u00e9matique de Marrakech et d\u2019\u00e9tendre son empreinte artistique \u00e0 travers tout le Royaume, marquant un tournant innovateur dans le paysage culturel marocain en s&#8217;engageant dans la cr\u00e9ation et la production d&#8217;\u00e9v\u00e9nements culturels d\u2019exception.<\/p>\n\n\n\n<p><strong><em>Deux soir\u00e9es d\u2019exception pour c\u00e9l\u00e9brer une l\u00e9gende<\/em><\/strong><\/p>\n\n\n\n<p>Pour inaugurer ce nouveau chapitre, deux soir\u00e9es d\u2019exception \u00e0 Rabat et \u00e0 Casablanca offriront un moment d\u2019\u00e9merveillement et d\u2019\u00e9motion pour les amateurs de m\u00e9lodies intemporelles. En effet, \u00abHalimiyate\u00bb propose un voyage musical empreint de nostalgie et de modernit\u00e9, o\u00f9 les classiques du Rossignol Brun seront revisit\u00e9s par deux voix marocaines extraordinaires&nbsp;: Ayoub Tijani, artiste \u00e0 la voix envo\u00fbtante et reconnue pour son interpr\u00e9tation magistrale des classiques arabes, et Youssef Jrifii, talentueux chanteur au timbre captivant et passionn\u00e9 par le patrimoine musical arabe. Les deux artistes seront accompagn\u00e9s par un grand orchestre dirig\u00e9 par le maestro Hicham Talmoudi, c\u00e9l\u00e8bre pour sa capacit\u00e9 \u00e0 marier cr\u00e9ativit\u00e9 et respect des grandes \u0153uvres. Ensemble, ils rendront hommage aux compositions inoubliables de Mohamed Abdel-Wahab, Baligh Hamdi et Mohamed El Moujy, offrant une exp\u00e9rience musicale inoubliable.<\/p>\n\n\n\n<p>&#8211; Casablanca&nbsp;: Th\u00e9\u00e2tre Mohammed VI, le vendredi 14 f\u00e9vrier 2025. Une soir\u00e9e magique pour c\u00e9l\u00e9brer la Saint-Valentin. Si\u00e8ge \u00abVIP\u00bb&nbsp;: 350 DH, Si\u00e8ge \u00abNormal\u00bb&nbsp;: 250 DH, Si\u00e8ge \u00abBalcon\u00bb&nbsp;: 150 DH.<\/p>\n\n\n\n<p>&#8211; Rabat&nbsp;: Th\u00e9\u00e2tre Mohammed V, le mercredi 19 f\u00e9vrier 2025. Une soir\u00e9e d\u2019\u00e9l\u00e9gance musicale dans la capitale. Si\u00e8ge \u00abOrchestre 1\u00bb&nbsp;: 350 DH, Si\u00e8ge \u00abOrchestre 2\u00bb&nbsp;: 250 DH, Si\u00e8ge \u00abBalcon\u00bb&nbsp;: 150 DH.<\/p>\n\n\n\n<p>Les billets sont d\u2019ores et d\u00e9j\u00e0 disponibles via \u00abGuichet.ma\u00bb et sur place au Th\u00e9\u00e2tre Meydene.<\/p>\n","protected":false},"excerpt":{"rendered":"<p>Meydene Production, le nouveau label du Th\u00e9\u00e2tre Meydene \u00e0 M Avenue Marrakech, marque son entr\u00e9e dans la production culturelle avec un hommage exceptionnel \u00e0 Abdel-Halim Hafed, ic\u00f4ne intemporelle de la musique romantique arabe. Avec cette initiative ambitieuse, Meydene affirme sa volont\u00e9 d\u2019aller au-del\u00e0 des murs de son th\u00e9\u00e2tre embl\u00e9matique de Marrakech et d\u2019\u00e9tendre son empreinte &hellip;<\/p>\n","protected":false},"author":9,"featured_media":32780,"comment_status":"open","ping_status":"closed","sticky":false,"template":"","format":"standard","meta":{"footnotes":""},"categories":[1267],"tags":[],"class_list":["post-32785","post","type-post","status-publish","format-standard","has-post-thumbnail","hentry","category-spectacles"],"_links":{"self":[{"href":"https:\/\/letempsmag.ma\/index.php?rest_route=\/wp\/v2\/posts\/32785","targetHints":{"allow":["GET"]}}],"collection":[{"href":"https:\/\/letempsmag.ma\/index.php?rest_route=\/wp\/v2\/posts"}],"about":[{"href":"https:\/\/letempsmag.ma\/index.php?rest_route=\/wp\/v2\/types\/post"}],"author":[{"embeddable":true,"href":"https:\/\/letempsmag.ma\/index.php?rest_route=\/wp\/v2\/users\/9"}],"replies":[{"embeddable":true,"href":"https:\/\/letempsmag.ma\/index.php?rest_route=%2Fwp%2Fv2%2Fcomments&post=32785"}],"version-history":[{"count":1,"href":"https:\/\/letempsmag.ma\/index.php?rest_route=\/wp\/v2\/posts\/32785\/revisions"}],"predecessor-version":[{"id":32786,"href":"https:\/\/letempsmag.ma\/index.php?rest_route=\/wp\/v2\/posts\/32785\/revisions\/32786"}],"wp:featuredmedia":[{"embeddable":true,"href":"https:\/\/letempsmag.ma\/index.php?rest_route=\/wp\/v2\/media\/32780"}],"wp:attachment":[{"href":"https:\/\/letempsmag.ma\/index.php?rest_route=%2Fwp%2Fv2%2Fmedia&parent=32785"}],"wp:term":[{"taxonomy":"category","embeddable":true,"href":"https:\/\/letempsmag.ma\/index.php?rest_route=%2Fwp%2Fv2%2Fcategories&post=32785"},{"taxonomy":"post_tag","embeddable":true,"href":"https:\/\/letempsmag.ma\/index.php?rest_route=%2Fwp%2Fv2%2Ftags&post=32785"}],"curies":[{"name":"wp","href":"https:\/\/api.w.org\/{rel}","templated":true}]}}