{"id":32770,"date":"2025-01-15T11:19:39","date_gmt":"2025-01-15T10:19:39","guid":{"rendered":"https:\/\/letempsmag.ma\/?p=32770"},"modified":"2025-01-15T11:19:39","modified_gmt":"2025-01-15T10:19:39","slug":"cafe-grec-le-nouveau-temple-de-la-gastronomie-hellenique-ouvre-ses-portes-a-m-avenue","status":"publish","type":"post","link":"https:\/\/letempsmag.ma\/?p=32770","title":{"rendered":"Caf\u00e9 Grec, le nouveau temple de la gastronomie hell\u00e9nique, ouvre ses portes \u00e0 M Avenue"},"content":{"rendered":"\n<p>Un vent de fra\u00eecheur souffle sur la sc\u00e8ne gastronomique de Marrakech. Le Caf\u00e9 Grec, un tout nouveau restaurant install\u00e9 au c\u0153ur de M Avenue, propose en effet aux gourmets un voyage culinaire au c\u0153ur de la Gr\u00e8ce. Ce nouveau lieu promet une exp\u00e9rience authentique o\u00f9 tradition et modernit\u00e9 se rencontrent pour offrir un cadre raffin\u00e9 et des plats aussi g\u00e9n\u00e9reux qu\u2019inspirants.<\/p>\n\n\n\n<p>Sous la direction passionn\u00e9e d&#8217;un Chef grec, l\u2019\u00e9tablissement se distingue par une carte fid\u00e8le aux recettes traditionnelles de p\u00e9ninsule hell\u00e9nique, revisit\u00e9es avec une touche contemporaine. Chaque plat est une v\u00e9ritable invitation \u00e0 d\u00e9couvrir des saveurs authentiques, avec des ingr\u00e9dients rigoureusement s\u00e9lectionn\u00e9s pour leur qualit\u00e9 et leur fra\u00eecheur. De la c\u00e9l\u00e8bre salade \u00abHoriatki\u00bb, aux \u00abSouvlakis\u00bb savoureux et aux \u00abKeftedakias\u00bb savamment \u00e9pic\u00e9s, le menu met en valeur les produits m\u00e9diterran\u00e9ens dans toute leur splendeur. La carte ne se limite pas aux mets sal\u00e9s&nbsp;: les desserts maison proposent, eux aussi, une immersion gourmande dans les traditions grecques.<\/p>\n\n\n\n<p>Le Caf\u00e9 Grec est aussi l\u2019adresse id\u00e9ale pour les amateurs de cocktails. Le restaurant propose ainsi une s\u00e9lection \u00e9l\u00e9gante de boissons signatures, parfaitement adapt\u00e9es pour accompagner les repas ou pour savourer un moment de d\u00e9tente entre amis.<\/p>\n\n\n\n<p>Le restaurant se d\u00e9cline en deux ambiances compl\u00e9mentaires. Dans la journ\u00e9e, sa terrasse baign\u00e9e de lumi\u00e8re est un v\u00e9ritable havre de paix, id\u00e9ale pour un d\u00e9jeuner ensoleill\u00e9 ou une pause entre deux vir\u00e9es shopping. \u00c0 l\u2019int\u00e9rieur, l\u2019atmosph\u00e8re \u00e9voque les paysages idylliques des \u00eeles grecques. Les alc\u00f4ves intimes et la d\u00e9coration soign\u00e9e, entre bleu azur et blanc immacul\u00e9, plongent les visiteurs dans l\u2019ambiance chaleureuse et accueillante des rivages de la mer \u00c9g\u00e9e. Le soir, pour un d\u00eener entre amis ou en famille pour un moment de d\u00e9tente autour d\u2019un cocktail, le restaurant devient un lieu de partage et de grande convivialit\u00e9.<\/p>\n\n\n\n<p>Ouvert du d\u00e9jeuner au d\u00eener, le nouvel \u00e9tablissement s\u00e9duit par son ambiance d\u00e9contract\u00e9e et son service tr\u00e8s attentif. Une invitation \u00e0 savourer la cuisine grecque dans le cadre embl\u00e9matique de M Avenue Marrakech.<\/p>\n\n\n\n<p><strong>L. F.<\/strong><\/p>\n","protected":false},"excerpt":{"rendered":"<p>Un vent de fra\u00eecheur souffle sur la sc\u00e8ne gastronomique de Marrakech. Le Caf\u00e9 Grec, un tout nouveau restaurant install\u00e9 au c\u0153ur de M Avenue, propose en effet aux gourmets un voyage culinaire au c\u0153ur de la Gr\u00e8ce. Ce nouveau lieu promet une exp\u00e9rience authentique o\u00f9 tradition et modernit\u00e9 se rencontrent pour offrir un cadre raffin\u00e9 &hellip;<\/p>\n","protected":false},"author":9,"featured_media":32762,"comment_status":"open","ping_status":"closed","sticky":false,"template":"","format":"standard","meta":{"footnotes":""},"categories":[1327],"tags":[],"class_list":["post-32770","post","type-post","status-publish","format-standard","has-post-thumbnail","hentry","category-sorties"],"_links":{"self":[{"href":"https:\/\/letempsmag.ma\/index.php?rest_route=\/wp\/v2\/posts\/32770","targetHints":{"allow":["GET"]}}],"collection":[{"href":"https:\/\/letempsmag.ma\/index.php?rest_route=\/wp\/v2\/posts"}],"about":[{"href":"https:\/\/letempsmag.ma\/index.php?rest_route=\/wp\/v2\/types\/post"}],"author":[{"embeddable":true,"href":"https:\/\/letempsmag.ma\/index.php?rest_route=\/wp\/v2\/users\/9"}],"replies":[{"embeddable":true,"href":"https:\/\/letempsmag.ma\/index.php?rest_route=%2Fwp%2Fv2%2Fcomments&post=32770"}],"version-history":[{"count":1,"href":"https:\/\/letempsmag.ma\/index.php?rest_route=\/wp\/v2\/posts\/32770\/revisions"}],"predecessor-version":[{"id":32771,"href":"https:\/\/letempsmag.ma\/index.php?rest_route=\/wp\/v2\/posts\/32770\/revisions\/32771"}],"wp:featuredmedia":[{"embeddable":true,"href":"https:\/\/letempsmag.ma\/index.php?rest_route=\/wp\/v2\/media\/32762"}],"wp:attachment":[{"href":"https:\/\/letempsmag.ma\/index.php?rest_route=%2Fwp%2Fv2%2Fmedia&parent=32770"}],"wp:term":[{"taxonomy":"category","embeddable":true,"href":"https:\/\/letempsmag.ma\/index.php?rest_route=%2Fwp%2Fv2%2Fcategories&post=32770"},{"taxonomy":"post_tag","embeddable":true,"href":"https:\/\/letempsmag.ma\/index.php?rest_route=%2Fwp%2Fv2%2Ftags&post=32770"}],"curies":[{"name":"wp","href":"https:\/\/api.w.org\/{rel}","templated":true}]}}