{"id":32682,"date":"2025-01-10T09:10:15","date_gmt":"2025-01-10T08:10:15","guid":{"rendered":"https:\/\/letempsmag.ma\/?p=32682"},"modified":"2025-01-10T09:10:15","modified_gmt":"2025-01-10T08:10:15","slug":"lonmt-invite-a-dakhla-100-prescripteurs-et-journalistes-iberiques","status":"publish","type":"post","link":"https:\/\/letempsmag.ma\/?p=32682","title":{"rendered":"L\u2019ONMT invite \u00e0 Dakhla 100 prescripteurs et journalistes ib\u00e9riques"},"content":{"rendered":"\n<p>L\u2019Office National Marocain du Tourisme (ONMT) a mis en place une op\u00e9ration de grande envergure en invitant 100 prescripteurs ib\u00e9riques (espagnols et portugais) du monde de la distribution, du tourisme et des m\u00e9dias \u00e0 d\u00e9couvrir Dakhla et sa r\u00e9gion, \u00e0 l\u2019occasion du vol inaugural de la ligne Madrid-Dakhla op\u00e9r\u00e9e par la compagnie Ryanair depuis le mercredi 8 janvier dernier.<\/p>\n\n\n\n<p>L\u2019ONMT compte impulser une nouvelle dynamique pour la r\u00e9gion de Dakhla Oued Eddahab afin que la destination puisse se positionner comme destination baln\u00e9aire \u00e0 part enti\u00e8re sur l\u2019\u00e9chiquier mondial.&nbsp;<\/p>\n\n\n\n<p>70 agents de voyages et tour-op\u00e9rateurs, 23 supports m\u00e9dias et 7 influenceurs venus de toutes les r\u00e9gions espagnoles, ainsi que du Portugal, \u00e9t\u00e9 visit\u00e9 Dakhla \u00e0 l\u2019invitation de l\u2019Office. Parmi eux, de grands acteurs du tourisme comme Carlos Garrido, Pr\u00e9sident de la Conf\u00e9d\u00e9ration Nationale des Agences de Voyages Espagnoles et CEO du groupe Avoris, Antonio Guerra, CEO du groupe Luxotour, Luis Arroyo, Pr\u00e9sident de la F\u00e9d\u00e9ration Andalouse des agences de voyage, Pedro Costa Ferreira, Pr\u00e9sident de l\u2019Association Portugaise de voyage et de tourisme ainsi que d\u2019une s\u00e9lection de m\u00e9dias sp\u00e9cialis\u00e9s dans le tourisme comme El Mundo Viajes, El Pais Viajes, Maradas Viajeras TV\u2026<\/p>\n\n\n\n<p>Les cr\u00e9ateurs de contenus lifestyle et tourisme, \u00e9galement du voyage, ont eu quant \u00e0 eux trois jours pour faire d\u00e9couvrir \u00e0 leurs communaut\u00e9s les potentialit\u00e9s que rec\u00e8le la r\u00e9gion. Au programme&nbsp;: la mise en avant des infrastructures touristiques et h\u00f4teli\u00e8res et la d\u00e9couverte des richesses du patrimoine touristique et culturel local.<\/p>\n\n\n\n<p>Le Conseil r\u00e9gional du Tourisme (CRT) de Dakhla Oued-Eddahab a \u00e9t\u00e9 impliqu\u00e9 pour pr\u00e9senter \u00e0 ses prescripteurs et leaders d\u2019opinion, les potentialit\u00e9s touristiques de la r\u00e9gion. Quant au Conseil R\u00e9gional de l\u2019Investissement (CRI), il leur a pr\u00e9sent\u00e9 les opportunit\u00e9s d\u2019investissements dans la r\u00e9gion.<\/p>\n\n\n\n<p>\u00c0 noter que le vol Madrid Dakhla est la premi\u00e8re liaison directe de la ville avec la p\u00e9ninsule ib\u00e9rique via l&#8217;a\u00e9roport Madrid-Barajas, \u00e0 raison de deux liaisons a\u00e9riennes directes (mercredi et samedi) lanc\u00e9es par la compagnie Ryanair gr\u00e2ce \u00e0 un accord conclu avec l&#8217;ONMT. La nouvelle liaison Lanzarote-Dakhla sera, quant \u00e0 elle, op\u00e9rationnelle d\u00e8s demain 11 janvier \u00e0 raison de deux fr\u00e9quences par semaine (samedi et mardi).<\/p>\n\n\n\n<p>\u00c0 travers cette op\u00e9ration, l\u2019ONMT met en lumi\u00e8re une nouvelle destination de choix aupr\u00e8s des touristes espagnols et portugais. La nouvelle ligne Madrid-Dakhla va permettre notamment de connecter la perle du d\u00e9sert au march\u00e9 ib\u00e9rique et d&#8217;Am\u00e9rique Latine via le hub de Madrid. Pour l\u2019ONMT, l\u2019objectif est clair&nbsp;: positionner&nbsp; Dakhla en tant que destination baln\u00e9aire \u00e0 part enti\u00e8re et la faire rayonner sur l\u2019\u00e9chiquier international en capitalisant une marque forte reconnue partout dans le monde et contribuant au rayonnement touristique du Maroc.<\/p>\n","protected":false},"excerpt":{"rendered":"<p>L\u2019Office National Marocain du Tourisme (ONMT) a mis en place une op\u00e9ration de grande envergure en invitant 100 prescripteurs ib\u00e9riques (espagnols et portugais) du monde de la distribution, du tourisme et des m\u00e9dias \u00e0 d\u00e9couvrir Dakhla et sa r\u00e9gion, \u00e0 l\u2019occasion du vol inaugural de la ligne Madrid-Dakhla op\u00e9r\u00e9e par la compagnie Ryanair depuis le &hellip;<\/p>\n","protected":false},"author":9,"featured_media":32673,"comment_status":"open","ping_status":"closed","sticky":false,"template":"","format":"standard","meta":{"footnotes":""},"categories":[53],"tags":[],"class_list":["post-32682","post","type-post","status-publish","format-standard","has-post-thumbnail","hentry","category-aerien"],"_links":{"self":[{"href":"https:\/\/letempsmag.ma\/index.php?rest_route=\/wp\/v2\/posts\/32682","targetHints":{"allow":["GET"]}}],"collection":[{"href":"https:\/\/letempsmag.ma\/index.php?rest_route=\/wp\/v2\/posts"}],"about":[{"href":"https:\/\/letempsmag.ma\/index.php?rest_route=\/wp\/v2\/types\/post"}],"author":[{"embeddable":true,"href":"https:\/\/letempsmag.ma\/index.php?rest_route=\/wp\/v2\/users\/9"}],"replies":[{"embeddable":true,"href":"https:\/\/letempsmag.ma\/index.php?rest_route=%2Fwp%2Fv2%2Fcomments&post=32682"}],"version-history":[{"count":1,"href":"https:\/\/letempsmag.ma\/index.php?rest_route=\/wp\/v2\/posts\/32682\/revisions"}],"predecessor-version":[{"id":32683,"href":"https:\/\/letempsmag.ma\/index.php?rest_route=\/wp\/v2\/posts\/32682\/revisions\/32683"}],"wp:featuredmedia":[{"embeddable":true,"href":"https:\/\/letempsmag.ma\/index.php?rest_route=\/wp\/v2\/media\/32673"}],"wp:attachment":[{"href":"https:\/\/letempsmag.ma\/index.php?rest_route=%2Fwp%2Fv2%2Fmedia&parent=32682"}],"wp:term":[{"taxonomy":"category","embeddable":true,"href":"https:\/\/letempsmag.ma\/index.php?rest_route=%2Fwp%2Fv2%2Fcategories&post=32682"},{"taxonomy":"post_tag","embeddable":true,"href":"https:\/\/letempsmag.ma\/index.php?rest_route=%2Fwp%2Fv2%2Ftags&post=32682"}],"curies":[{"name":"wp","href":"https:\/\/api.w.org\/{rel}","templated":true}]}}