{"id":32617,"date":"2025-01-07T11:39:14","date_gmt":"2025-01-07T10:39:14","guid":{"rendered":"https:\/\/letempsmag.ma\/?p=32617"},"modified":"2025-01-07T11:41:46","modified_gmt":"2025-01-07T10:41:46","slug":"lancement-a-sale-des-conferences-scientifiques-dediees-aux-detenus-des-affaires-dextremisme","status":"publish","type":"post","link":"https:\/\/letempsmag.ma\/?p=32617","title":{"rendered":"Lancement \u00e0 Sal\u00e9 des \u00abConf\u00e9rences Scientifiques\u00bb d\u00e9di\u00e9es aux d\u00e9tenus des affaires d\u2019extr\u00e9misme"},"content":{"rendered":"\n<p>Le programme \u00abConf\u00e9rences Scientifiques\u00bb, d\u00e9di\u00e9 aux d\u00e9tenus des affaires d\u2019extr\u00e9misme et de terrorisme, a \u00e9t\u00e9 lanc\u00e9 hier \u00e0 Sal\u00e9. L\u2019objectif&nbsp;: immuniser et pr\u00e9munir l\u2019espace carc\u00e9ral. Initi\u00e9 par le Centre Moussalaha, ce programme vise \u00e0 amener ces d\u00e9tenus \u00e0 rompre avec l\u2019id\u00e9ologie extr\u00e9miste, s\u2019impr\u00e9gner des valeurs de tol\u00e9rance et rejeter le fanatisme et l\u2019extr\u00e9misme, indique un communiqu\u00e9 du Centre.<\/p>\n\n\n\n<p>Le programme est encadr\u00e9 par des experts et des enseignants sp\u00e9cialis\u00e9s de la Rabita Mohammadia des Oul\u00e9mas \u00e0 travers des conf\u00e9rences interactives qui s\u2019\u00e9talent sur cinq jours pour chaque session, notant que la premi\u00e8re session enregistre la participation de 50 d\u00e9tenus de la prison locale de Sal\u00e9, souligne le m\u00eame communiqu\u00e9, faisant \u00e9tat de la mise en \u0153uvre du programme en 11 sessions dans d\u2019autres \u00e9tablissements p\u00e9nitentiaires durant l\u2019ann\u00e9e 2025.<\/p>\n\n\n\n<p>La c\u00e9r\u00e9monie de lancement de ce programme s\u2019est d\u00e9roul\u00e9e en pr\u00e9sence notamment du Secr\u00e9taire G\u00e9n\u00e9ral de la Rabita Mohammadia des Oul\u00e9mas, du Directeur du Centre Moussalaha, du Secr\u00e9taire G\u00e9n\u00e9ral de la D\u00e9l\u00e9gation G\u00e9n\u00e9rale de l\u2019Administration P\u00e9nitentiaire et de la R\u00e9insertion (DGAPR), du Coordonnateur de la Fondation Mohammed VI pour la R\u00e9insertion des D\u00e9tenus, en plus d\u2019experts et des professeurs qui encadrent le programme.<\/p>\n","protected":false},"excerpt":{"rendered":"<p>Le programme \u00abConf\u00e9rences Scientifiques\u00bb, d\u00e9di\u00e9 aux d\u00e9tenus des affaires d\u2019extr\u00e9misme et de terrorisme, a \u00e9t\u00e9 lanc\u00e9 hier \u00e0 Sal\u00e9. L\u2019objectif&nbsp;: immuniser et pr\u00e9munir l\u2019espace carc\u00e9ral. Initi\u00e9 par le Centre Moussalaha, ce programme vise \u00e0 amener ces d\u00e9tenus \u00e0 rompre avec l\u2019id\u00e9ologie extr\u00e9miste, s\u2019impr\u00e9gner des valeurs de tol\u00e9rance et rejeter le fanatisme et l\u2019extr\u00e9misme, indique un &hellip;<\/p>\n","protected":false},"author":9,"featured_media":32606,"comment_status":"open","ping_status":"closed","sticky":false,"template":"","format":"standard","meta":{"footnotes":""},"categories":[520],"tags":[],"class_list":["post-32617","post","type-post","status-publish","format-standard","has-post-thumbnail","hentry","category-milieu-carceral"],"_links":{"self":[{"href":"https:\/\/letempsmag.ma\/index.php?rest_route=\/wp\/v2\/posts\/32617","targetHints":{"allow":["GET"]}}],"collection":[{"href":"https:\/\/letempsmag.ma\/index.php?rest_route=\/wp\/v2\/posts"}],"about":[{"href":"https:\/\/letempsmag.ma\/index.php?rest_route=\/wp\/v2\/types\/post"}],"author":[{"embeddable":true,"href":"https:\/\/letempsmag.ma\/index.php?rest_route=\/wp\/v2\/users\/9"}],"replies":[{"embeddable":true,"href":"https:\/\/letempsmag.ma\/index.php?rest_route=%2Fwp%2Fv2%2Fcomments&post=32617"}],"version-history":[{"count":1,"href":"https:\/\/letempsmag.ma\/index.php?rest_route=\/wp\/v2\/posts\/32617\/revisions"}],"predecessor-version":[{"id":32618,"href":"https:\/\/letempsmag.ma\/index.php?rest_route=\/wp\/v2\/posts\/32617\/revisions\/32618"}],"wp:featuredmedia":[{"embeddable":true,"href":"https:\/\/letempsmag.ma\/index.php?rest_route=\/wp\/v2\/media\/32606"}],"wp:attachment":[{"href":"https:\/\/letempsmag.ma\/index.php?rest_route=%2Fwp%2Fv2%2Fmedia&parent=32617"}],"wp:term":[{"taxonomy":"category","embeddable":true,"href":"https:\/\/letempsmag.ma\/index.php?rest_route=%2Fwp%2Fv2%2Fcategories&post=32617"},{"taxonomy":"post_tag","embeddable":true,"href":"https:\/\/letempsmag.ma\/index.php?rest_route=%2Fwp%2Fv2%2Ftags&post=32617"}],"curies":[{"name":"wp","href":"https:\/\/api.w.org\/{rel}","templated":true}]}}