{"id":32448,"date":"2025-01-03T10:32:55","date_gmt":"2025-01-03T09:32:55","guid":{"rendered":"https:\/\/letempsmag.ma\/?p=32448"},"modified":"2025-01-03T11:06:14","modified_gmt":"2025-01-03T10:06:14","slug":"lalma-art-gallery-inaugure-sa-saison-avec-un-succes-artistique-et-philosophique","status":"publish","type":"post","link":"https:\/\/letempsmag.ma\/?p=32448","title":{"rendered":"L\u2019Alma Art Gallery inaugure sa saison avec un succ\u00e8s artistique et philosophique"},"content":{"rendered":"\n<p>Alma Art Gallery, nouvelle p\u00e9pite de l&#8217;art contemporain au c\u0153ur de Casablanca, a ouvert&nbsp;ses portes, en d\u00e9cembre dernier,&nbsp;avec une exposition exceptionnelle de l&#8217;artiste Abdellah Dibaji&nbsp;(\u00e0 droite sur la photo), c\u00e9l\u00e9brant ainsi quatre d\u00e9cennies de cr\u00e9ations vibrantes. Cet \u00e9v\u00e9nement marquant a attir\u00e9 de nombreux passionn\u00e9s d\u2019art, ainsi que des personnalit\u00e9s des m\u00e9dias, venus d\u00e9couvrir les \u0153uvres de&nbsp;l\u2019artiste, sublimant \u00e0 travers des couleurs vibrantes et des motifs inspir\u00e9s de l\u2019oc\u00e9an. Les visiteurs ont ainsi pu appr\u00e9cier la richesse et la profondeur d&#8217;un univers artistique qui puise ses racines dans la beaut\u00e9 naturelle et l&#8217;introspection. L\u2019exposition restera ouverte au public jusqu\u2019au 31 janvier&nbsp;courant, offrant l&#8217;opportunit\u00e9 \u00e0 ceux qui n\u2019ont pas pu y assister lors de l\u2019inauguration de la d\u00e9couvrir \u00e0 leur tour.<\/p>\n\n\n\n<p>L&#8217;\u00e9v\u00e9nement a \u00e9t\u00e9 suivi&nbsp;par une conf\u00e9rence passionnanteet philosophique&nbsp;de l&#8217;\u00e9crivain et universitaire Fouad Laroui&nbsp;(\u00e0 gauche sur la photo), intitul\u00e9e \u00abL\u2019Art et l\u2019Intelligence Artificielle\u00bb. Dans le cadre intimiste de la galerie, cette conf\u00e9rence a r\u00e9uni un public curieux, qui a eu l\u2019occasion de s\u2019interroger sur les relations entre art, technologie et philosophie. Le d\u00e9bat s&#8217;est intensifi\u00e9 autour des d\u00e9fis pos\u00e9s par l\u2019\u00e9mergence de l&#8217;intelligence artificielle dans le monde de la cr\u00e9ation artistique. De nombreux participants ont soulign\u00e9 l&#8217;importance de r\u00e9fl\u00e9chir \u00e0 la place de l&#8217;humain face aux nouvelles formes d\u2019art g\u00e9n\u00e9r\u00e9es par les machines, et \u00e0 la mani\u00e8re dont la technologie red\u00e9finit les fronti\u00e8res de l\u2019expression artistique.<\/p>\n\n\n\n<p>Les deux \u00e9v\u00e9nements ont illustr\u00e9 l\u2019ambition de la galerie Alma Art Gallery&nbsp;:&nbsp;devenir un espace d\u2019\u00e9change et de r\u00e9flexion autour de l\u2019art contemporain, tout en ouvrant un dialogue entre les \u0153uvres des artistes et les grandes questions soci\u00e9tales actuelles. L\u2019\u00e9quipe de la galerie n\u2019a pas manqu\u00e9 de remercier chaleureusement tous les invit\u00e9s, ainsi que les acteurs des m\u00e9dias, pour leur soutien et leur enthousiasme.<\/p>\n\n\n\n<p>Situ\u00e9e dans le centre dynamique de Casablanca, Alma Art Gallery se positionne comme un carrefour d&#8217;inspiration, d\u2019exposition et d\u2019\u00e9change pour les artistes \u00e9mergents et confirm\u00e9s. En mettant l&#8217;accent sur des th\u00e9matiques contemporaines, la galerie cherche \u00e0 promouvoir l&#8217;art dans toute sa diversit\u00e9 et \u00e0 encourager une r\u00e9flexion sur les enjeux soci\u00e9taux qui fa\u00e7onnent le monde d\u2019aujourd\u2019hui.<\/p>\n\n\n\n<p>Avec ce vernissage et cette conf\u00e9rence, Alma Art Gallery s\u2019assure une place de choix dans le paysage artistique marocain et au-del\u00e0, offrant une fen\u00eatre ouverte sur les d\u00e9bats essentiels de notre \u00e9poque.<\/p>\n\n\n\n<p><strong>L. F.<\/strong><\/p>\n","protected":false},"excerpt":{"rendered":"<p>Alma Art Gallery, nouvelle p\u00e9pite de l&#8217;art contemporain au c\u0153ur de Casablanca, a ouvert&nbsp;ses portes, en d\u00e9cembre dernier,&nbsp;avec une exposition exceptionnelle de l&#8217;artiste Abdellah Dibaji&nbsp;(\u00e0 droite sur la photo), c\u00e9l\u00e9brant ainsi quatre d\u00e9cennies de cr\u00e9ations vibrantes. Cet \u00e9v\u00e9nement marquant a attir\u00e9 de nombreux passionn\u00e9s d\u2019art, ainsi que des personnalit\u00e9s des m\u00e9dias, venus d\u00e9couvrir les \u0153uvres &hellip;<\/p>\n","protected":false},"author":9,"featured_media":32464,"comment_status":"open","ping_status":"closed","sticky":false,"template":"","format":"standard","meta":{"footnotes":""},"categories":[490],"tags":[],"class_list":["post-32448","post","type-post","status-publish","format-standard","has-post-thumbnail","hentry","category-happening"],"_links":{"self":[{"href":"https:\/\/letempsmag.ma\/index.php?rest_route=\/wp\/v2\/posts\/32448","targetHints":{"allow":["GET"]}}],"collection":[{"href":"https:\/\/letempsmag.ma\/index.php?rest_route=\/wp\/v2\/posts"}],"about":[{"href":"https:\/\/letempsmag.ma\/index.php?rest_route=\/wp\/v2\/types\/post"}],"author":[{"embeddable":true,"href":"https:\/\/letempsmag.ma\/index.php?rest_route=\/wp\/v2\/users\/9"}],"replies":[{"embeddable":true,"href":"https:\/\/letempsmag.ma\/index.php?rest_route=%2Fwp%2Fv2%2Fcomments&post=32448"}],"version-history":[{"count":2,"href":"https:\/\/letempsmag.ma\/index.php?rest_route=\/wp\/v2\/posts\/32448\/revisions"}],"predecessor-version":[{"id":32468,"href":"https:\/\/letempsmag.ma\/index.php?rest_route=\/wp\/v2\/posts\/32448\/revisions\/32468"}],"wp:featuredmedia":[{"embeddable":true,"href":"https:\/\/letempsmag.ma\/index.php?rest_route=\/wp\/v2\/media\/32464"}],"wp:attachment":[{"href":"https:\/\/letempsmag.ma\/index.php?rest_route=%2Fwp%2Fv2%2Fmedia&parent=32448"}],"wp:term":[{"taxonomy":"category","embeddable":true,"href":"https:\/\/letempsmag.ma\/index.php?rest_route=%2Fwp%2Fv2%2Fcategories&post=32448"},{"taxonomy":"post_tag","embeddable":true,"href":"https:\/\/letempsmag.ma\/index.php?rest_route=%2Fwp%2Fv2%2Ftags&post=32448"}],"curies":[{"name":"wp","href":"https:\/\/api.w.org\/{rel}","templated":true}]}}