{"id":32431,"date":"2025-01-02T08:13:27","date_gmt":"2025-01-02T07:13:27","guid":{"rendered":"https:\/\/letempsmag.ma\/?p=32431"},"modified":"2025-01-02T08:13:28","modified_gmt":"2025-01-02T07:13:28","slug":"le-maroc-la-mauritanie-et-les-emirats-projettent-une-ligne-maritime-atlantique","status":"publish","type":"post","link":"https:\/\/letempsmag.ma\/?p=32431","title":{"rendered":"Le Maroc, la Mauritanie et les \u00c9mirats projettent une ligne maritime atlantique"},"content":{"rendered":"\n<p>Le Maroc, la Mauritanie et les \u00c9mirats Arabes Unis sont en train d\u2019unir leurs forces pour r\u00e9aliser un grand projet strat\u00e9gique le long de la c\u00f4te atlantique du Royaume et de la R\u00e9publique mauritanienne en lan\u00e7ant le projet d\u2019une nouvelle ligne maritime le long de leur fa\u00e7ade atlantique. Selon l\u2019Agence de Presse Africaine (APA), S.M. le Roi Mohammed VI, le Pr\u00e9sident mauritanien Mohamed Ould Cheikh El Ghazouani, et le Pr\u00e9sident \u00e9mirati Mohamed Ben Zayed ont \u00e9voqu\u00e9, lors d\u2019une rencontre \u00e0 Duba\u00ef, cette ambitieuse initiative commune. Ce projet est per\u00e7u comme un jalon majeur dans la coop\u00e9ration entre les trois pays.<\/p>\n\n\n\n<p>Bien que les discussions en soient encore \u00e0 un stade pr\u00e9liminaire, un accord de principe semble d\u00e9j\u00e0 avoir \u00e9t\u00e9 trouv\u00e9. Les \u00c9mirats Arabes Unis joueront un r\u00f4le-cl\u00e9 en tant que partenaire financier, \u00e0 l\u2019instar de leur implication dans d\u2019autres projets r\u00e9ussis au Maroc. Le Fonds Wessal, cr\u00e9\u00e9 en 2011 avec la participation des \u00c9mirats et du Qatar, est cit\u00e9 en exemple. Ce fonds a investi massivement dans le secteur touristique dans des villes telles que Rabat, Casablanca et Tanger.<\/p>\n\n\n\n<p>Cette nouvelle initiative survient peu apr\u00e8s une rencontre \u00e0 Casablanca entre le Souverain et le Pr\u00e9sident mauritanien. Ils ont exprim\u00e9 leur satisfaction quant \u00e0 la coop\u00e9ration positive entre Rabat et Nouakchott. En constante consolidation, cette collaboration trouve dans ce projet un nouvel \u00e9lan. Le projet ne se limite pas \u00e0 des retomb\u00e9es \u00e9conomiques, mais vise \u00e9galement \u00e0 renforcer les liens entre les deux pays.&nbsp;<\/p>\n\n\n\n<p>Avec APA.news<\/p>\n","protected":false},"excerpt":{"rendered":"<p>Le Maroc, la Mauritanie et les \u00c9mirats Arabes Unis sont en train d\u2019unir leurs forces pour r\u00e9aliser un grand projet strat\u00e9gique le long de la c\u00f4te atlantique du Royaume et de la R\u00e9publique mauritanienne en lan\u00e7ant le projet d\u2019une nouvelle ligne maritime le long de leur fa\u00e7ade atlantique. Selon l\u2019Agence de Presse Africaine (APA), S.M. &hellip;<\/p>\n","protected":false},"author":9,"featured_media":32415,"comment_status":"open","ping_status":"closed","sticky":false,"template":"","format":"standard","meta":{"footnotes":""},"categories":[625],"tags":[],"class_list":["post-32431","post","type-post","status-publish","format-standard","has-post-thumbnail","hentry","category-commerce-exterieur-2"],"_links":{"self":[{"href":"https:\/\/letempsmag.ma\/index.php?rest_route=\/wp\/v2\/posts\/32431","targetHints":{"allow":["GET"]}}],"collection":[{"href":"https:\/\/letempsmag.ma\/index.php?rest_route=\/wp\/v2\/posts"}],"about":[{"href":"https:\/\/letempsmag.ma\/index.php?rest_route=\/wp\/v2\/types\/post"}],"author":[{"embeddable":true,"href":"https:\/\/letempsmag.ma\/index.php?rest_route=\/wp\/v2\/users\/9"}],"replies":[{"embeddable":true,"href":"https:\/\/letempsmag.ma\/index.php?rest_route=%2Fwp%2Fv2%2Fcomments&post=32431"}],"version-history":[{"count":1,"href":"https:\/\/letempsmag.ma\/index.php?rest_route=\/wp\/v2\/posts\/32431\/revisions"}],"predecessor-version":[{"id":32432,"href":"https:\/\/letempsmag.ma\/index.php?rest_route=\/wp\/v2\/posts\/32431\/revisions\/32432"}],"wp:featuredmedia":[{"embeddable":true,"href":"https:\/\/letempsmag.ma\/index.php?rest_route=\/wp\/v2\/media\/32415"}],"wp:attachment":[{"href":"https:\/\/letempsmag.ma\/index.php?rest_route=%2Fwp%2Fv2%2Fmedia&parent=32431"}],"wp:term":[{"taxonomy":"category","embeddable":true,"href":"https:\/\/letempsmag.ma\/index.php?rest_route=%2Fwp%2Fv2%2Fcategories&post=32431"},{"taxonomy":"post_tag","embeddable":true,"href":"https:\/\/letempsmag.ma\/index.php?rest_route=%2Fwp%2Fv2%2Ftags&post=32431"}],"curies":[{"name":"wp","href":"https:\/\/api.w.org\/{rel}","templated":true}]}}