{"id":32384,"date":"2024-12-30T13:41:55","date_gmt":"2024-12-30T12:41:55","guid":{"rendered":"https:\/\/letempsmag.ma\/?p=32384"},"modified":"2024-12-30T13:41:55","modified_gmt":"2024-12-30T12:41:55","slug":"la-libye-souhaite-reprendre-les-liaisons-aeriennes-avec-le-maroc-en-2025","status":"publish","type":"post","link":"https:\/\/letempsmag.ma\/?p=32384","title":{"rendered":"La Libye souhaite reprendre les liaisons a\u00e9riennes avec le Maroc en 2025"},"content":{"rendered":"\n<p>Le Maroc et la Libye esp\u00e8rent r\u00e9activer les op\u00e9rations du pont a\u00e9rien en 2025 apr\u00e8s une interruption d\u2019une dizaine d\u2019ann\u00e9es, en plus de leur volont\u00e9 d\u2019ouvrir une ligne maritime directe reliant les ports des deux parties. C\u2019est ce qui ressort d\u2019une r\u00e9union tenue r\u00e9cemment \u00e0 Rabat par le Ministre des Transports et de la Logistique, Abdessamad Kayouh, avec le Ministre des Transports dans le gouvernement d\u2019Unit\u00e9 nationale en Libye, Mohammed Al-Shahoubi. La r\u00e9union a eu lieu en marge de la 29<sup>\u00e8me<\/sup> session extraordinaire de l\u2019Assembl\u00e9e G\u00e9n\u00e9rale de l\u2019Organisation Arabe de l\u2019Aviation Civile.<\/p>\n\n\n\n<p>Les deux parties ont r\u00e9affirm\u00e9 leur volont\u00e9 commune de d\u00e9velopper la coop\u00e9ration dans les domaines li\u00e9s au secteur des transports. Le haut responsable libyen a exprim\u00e9 sa volont\u00e9 de voir r\u00e9tablies les liaisons a\u00e9riennes entre les deux pays afin d\u2019encourager et de renforcer les \u00e9changes \u00e9conomiques entre le Maroc et la Libye et de contribuer au d\u00e9veloppement de la coop\u00e9ration bilat\u00e9rale dans divers domaines, notant que le gouvernement compte s\u2019engager dans toute initiative visant \u00e0 ouvrir une ligne maritime entre les deux pays pour encourager les \u00e9changes.<\/p>\n\n\n\n<p>Abdessamad Kayouh a, pour sa part, r\u00e9affirm\u00e9 la disposition du Maroc \u00e0 \u0153uvrer pour d\u00e9velopper la coop\u00e9ration bilat\u00e9rale dans le secteur des transports. Dans ce cadre, les deux parties ont convenu d\u2019intensifier les r\u00e9unions des comit\u00e9s techniques bilat\u00e9raux pour discuter des moyens de renforcer la coop\u00e9ration, en plus d\u2019\u00e9changer des exp\u00e9riences et des expertises dans les domaines des transports.<\/p>\n","protected":false},"excerpt":{"rendered":"<p>Le Maroc et la Libye esp\u00e8rent r\u00e9activer les op\u00e9rations du pont a\u00e9rien en 2025 apr\u00e8s une interruption d\u2019une dizaine d\u2019ann\u00e9es, en plus de leur volont\u00e9 d\u2019ouvrir une ligne maritime directe reliant les ports des deux parties. C\u2019est ce qui ressort d\u2019une r\u00e9union tenue r\u00e9cemment \u00e0 Rabat par le Ministre des Transports et de la Logistique, &hellip;<\/p>\n","protected":false},"author":9,"featured_media":32367,"comment_status":"open","ping_status":"closed","sticky":false,"template":"","format":"standard","meta":{"footnotes":""},"categories":[203],"tags":[],"class_list":["post-32384","post","type-post","status-publish","format-standard","has-post-thumbnail","hentry","category-cooperation"],"_links":{"self":[{"href":"https:\/\/letempsmag.ma\/index.php?rest_route=\/wp\/v2\/posts\/32384","targetHints":{"allow":["GET"]}}],"collection":[{"href":"https:\/\/letempsmag.ma\/index.php?rest_route=\/wp\/v2\/posts"}],"about":[{"href":"https:\/\/letempsmag.ma\/index.php?rest_route=\/wp\/v2\/types\/post"}],"author":[{"embeddable":true,"href":"https:\/\/letempsmag.ma\/index.php?rest_route=\/wp\/v2\/users\/9"}],"replies":[{"embeddable":true,"href":"https:\/\/letempsmag.ma\/index.php?rest_route=%2Fwp%2Fv2%2Fcomments&post=32384"}],"version-history":[{"count":1,"href":"https:\/\/letempsmag.ma\/index.php?rest_route=\/wp\/v2\/posts\/32384\/revisions"}],"predecessor-version":[{"id":32385,"href":"https:\/\/letempsmag.ma\/index.php?rest_route=\/wp\/v2\/posts\/32384\/revisions\/32385"}],"wp:featuredmedia":[{"embeddable":true,"href":"https:\/\/letempsmag.ma\/index.php?rest_route=\/wp\/v2\/media\/32367"}],"wp:attachment":[{"href":"https:\/\/letempsmag.ma\/index.php?rest_route=%2Fwp%2Fv2%2Fmedia&parent=32384"}],"wp:term":[{"taxonomy":"category","embeddable":true,"href":"https:\/\/letempsmag.ma\/index.php?rest_route=%2Fwp%2Fv2%2Fcategories&post=32384"},{"taxonomy":"post_tag","embeddable":true,"href":"https:\/\/letempsmag.ma\/index.php?rest_route=%2Fwp%2Fv2%2Ftags&post=32384"}],"curies":[{"name":"wp","href":"https:\/\/api.w.org\/{rel}","templated":true}]}}