{"id":32345,"date":"2024-12-26T11:04:14","date_gmt":"2024-12-26T10:04:14","guid":{"rendered":"https:\/\/letempsmag.ma\/?p=32345"},"modified":"2024-12-26T11:05:12","modified_gmt":"2024-12-26T10:05:12","slug":"ocp-les-etats-unis-revoient-a-la-baisse-les-droits-compensateurs","status":"publish","type":"post","link":"https:\/\/letempsmag.ma\/?p=32345","title":{"rendered":"OCP\u00a0: les \u00c9tats-Unis revoient \u00e0 la baisse les droits compensateurs"},"content":{"rendered":"\n<p>Le groupe OCP, leader mondial des phosphates, vient de marquer un point dans son bras de fer avec le D\u00e9partement du Commerce am\u00e9ricain. Ce dernier a, en effet, d\u00e9cid\u00e9 de revoir l\u00e9g\u00e8rement \u00e0 la baisse les droits compensateurs impos\u00e9s au groupe marocain, passant de 16,81% \u00e0 16,60%, suite \u00e0 la d\u00e9couverte d\u2019une erreur de calcul dans les \u00e9valuations initiales. Les autorit\u00e9s am\u00e9ricaines ont reconnu avoir omis d\u2019inclure certains co\u00fbts de production de l\u2019OCP dans leurs calculs initiaux. Cette erreur, qualifi\u00e9e de \u00abminist\u00e9rielle\u00bb, a conduit \u00e0 une surestimation des subventions pr\u00e9sum\u00e9es accord\u00e9es au groupe marocain.<\/p>\n\n\n\n<p>Cette r\u00e9vision intervient apr\u00e8s que l\u2019OCP ait contest\u00e9 les r\u00e9sultats initiaux devant la Cour du Commerce Internationale des \u00c9tats-Unis, soulignant plusieurs anomalies dans les calculs. Cette d\u00e9cision constitue une victoire partielle pour l\u2019OCP, qui voit les droits compensateurs r\u00e9duits, mais le groupe reste insatisfait et maintient ses recours en justice. Les prochains mois s\u2019annoncent d\u00e9cisifs pour l\u2019avenir des exportations marocaines de phosphates vers les \u00c9tats-Unis.<\/p>\n","protected":false},"excerpt":{"rendered":"<p>Le groupe OCP, leader mondial des phosphates, vient de marquer un point dans son bras de fer avec le D\u00e9partement du Commerce am\u00e9ricain. Ce dernier a, en effet, d\u00e9cid\u00e9 de revoir l\u00e9g\u00e8rement \u00e0 la baisse les droits compensateurs impos\u00e9s au groupe marocain, passant de 16,81% \u00e0 16,60%, suite \u00e0 la d\u00e9couverte d\u2019une erreur de calcul &hellip;<\/p>\n","protected":false},"author":9,"featured_media":32329,"comment_status":"open","ping_status":"closed","sticky":false,"template":"","format":"standard","meta":{"footnotes":""},"categories":[82],"tags":[],"class_list":["post-32345","post","type-post","status-publish","format-standard","has-post-thumbnail","hentry","category-industrie"],"_links":{"self":[{"href":"https:\/\/letempsmag.ma\/index.php?rest_route=\/wp\/v2\/posts\/32345","targetHints":{"allow":["GET"]}}],"collection":[{"href":"https:\/\/letempsmag.ma\/index.php?rest_route=\/wp\/v2\/posts"}],"about":[{"href":"https:\/\/letempsmag.ma\/index.php?rest_route=\/wp\/v2\/types\/post"}],"author":[{"embeddable":true,"href":"https:\/\/letempsmag.ma\/index.php?rest_route=\/wp\/v2\/users\/9"}],"replies":[{"embeddable":true,"href":"https:\/\/letempsmag.ma\/index.php?rest_route=%2Fwp%2Fv2%2Fcomments&post=32345"}],"version-history":[{"count":1,"href":"https:\/\/letempsmag.ma\/index.php?rest_route=\/wp\/v2\/posts\/32345\/revisions"}],"predecessor-version":[{"id":32346,"href":"https:\/\/letempsmag.ma\/index.php?rest_route=\/wp\/v2\/posts\/32345\/revisions\/32346"}],"wp:featuredmedia":[{"embeddable":true,"href":"https:\/\/letempsmag.ma\/index.php?rest_route=\/wp\/v2\/media\/32329"}],"wp:attachment":[{"href":"https:\/\/letempsmag.ma\/index.php?rest_route=%2Fwp%2Fv2%2Fmedia&parent=32345"}],"wp:term":[{"taxonomy":"category","embeddable":true,"href":"https:\/\/letempsmag.ma\/index.php?rest_route=%2Fwp%2Fv2%2Fcategories&post=32345"},{"taxonomy":"post_tag","embeddable":true,"href":"https:\/\/letempsmag.ma\/index.php?rest_route=%2Fwp%2Fv2%2Ftags&post=32345"}],"curies":[{"name":"wp","href":"https:\/\/api.w.org\/{rel}","templated":true}]}}