{"id":32321,"date":"2024-12-25T10:27:04","date_gmt":"2024-12-25T09:27:04","guid":{"rendered":"https:\/\/letempsmag.ma\/?p=32321"},"modified":"2024-12-25T10:27:05","modified_gmt":"2024-12-25T09:27:05","slug":"succes-majeur-pour-les-assises-nationales-de-la-regionalisation-avancee","status":"publish","type":"post","link":"https:\/\/letempsmag.ma\/?p=32321","title":{"rendered":"Succ\u00e8s majeur pour les Assises Nationales de la\u00a0R\u00e9gionalisation\u00a0Avanc\u00e9e"},"content":{"rendered":"\n<p>Les&nbsp;r\u00e9centes&nbsp;Assises&nbsp;Nationales&nbsp;de la&nbsp;R\u00e9gionalisation&nbsp;Avanc\u00e9e, tenues&nbsp;les 20 et 21 d\u00e9cembre \u00e0 Tanger, ont enregistr\u00e9 un&nbsp;succ\u00e8s majeur.&nbsp;Plac\u00e9 sous le&nbsp;haut&nbsp;patronage de S.M.&nbsp;le Roi Mohammed VI, cet \u00e9v\u00e9nement&nbsp;a \u00e9t\u00e9organis\u00e9&nbsp;sous le th\u00e8me&nbsp;de&nbsp;\u00abLa r\u00e9gionalisation avanc\u00e9e, entre les d\u00e9fis d\u2019aujourd\u2019hui et de demain\u00bb et organis\u00e9 par le minist\u00e8re de l\u2019Int\u00e9rieur en partenariat avec l\u2019Association des&nbsp;R\u00e9gions du Maroc. Ont pris&nbsp;part \u00e0 ces Assises des responsables gouvernementaux, des&nbsp;Pr\u00e9sidents de r\u00e9gions, des \u00e9lus des Conseils communaux et des experts, ainsi que des acteurs politiques et \u00e9conomiques marocains et \u00e9trangers avec, selon les organisateurs, plus de 1.500 participants pr\u00e9sents, 160 invit\u00e9s internationaux et plus de 45.000 participants \u00e0 distance.<\/p>\n\n\n\n<p>Quatre conventions-cadres visant l\u2019acc\u00e9l\u00e9ration de la mise en \u0153uvre de la r\u00e9gionalisation avanc\u00e9e et le renforcement de la coop\u00e9ration dans des domaines strat\u00e9giques, dont l\u2019eau, la mobilit\u00e9 et la protection de l\u2019environnement, ont \u00e9t\u00e9 sign\u00e9es entre les douze r\u00e9gions du Royaume et plusieurs&nbsp;D\u00e9partements minist\u00e9riels.<\/p>\n\n\n\n<p>La premi\u00e8re convention-cadre, portant&nbsp;sur l\u2019acc\u00e9l\u00e9ration de la mise en \u0153uvre du chantier de la r\u00e9gionalisation avanc\u00e9e, vise \u00e0 mettre en place une approche permettant d\u2019identifier les m\u00e9canismes \u00e0 m\u00eame de parachever la mise en \u0153uvre de ce chantier strat\u00e9gique, tout en poursuivant l\u2019ex\u00e9cution des engagements des parties signataires du cadre d\u2019orientation de la r\u00e9gionalisation avanc\u00e9e en 2019.<\/p>\n\n\n\n<p>L\u2019accord vise \u00e9galement \u00e0 op\u00e9rationnaliser l\u2019exercice par les r\u00e9gions de leurs pr\u00e9rogatives, en veillant \u00e0 la mise en \u0153uvre du cadre national de d\u00e9concentration administrative et en acc\u00e9l\u00e9rant le transfert des comp\u00e9tences aux services d\u00e9concentr\u00e9s selon un calendrier pr\u00e9cis.<\/p>\n\n\n\n<p>Concernant la deuxi\u00e8me&nbsp;convention-cadre relative au domaine de l\u2019eau, sign\u00e9e par les&nbsp;Ministres de l\u2019Int\u00e9rieur, de l\u2019\u00c9quipement,&nbsp;de l\u2019Eau et le&nbsp;Ministre d\u00e9l\u00e9gu\u00e9 charg\u00e9 du Budget,&nbsp;ainsi que&nbsp;les&nbsp;Pr\u00e9sidents des douze Conseils r\u00e9gionaux, elle vise \u00e0 garantir la poursuite de la mise en \u0153uvre territoriale des politiques nationales dans le domaine de l\u2019eau et de la protection de l\u2019environnement.<\/p>\n\n\n\n<p>Les parties signataires s\u2019engagent, en vertu de cette convention, \u00e0 mettre en place, selon une approche participative, un nouveau cadre de partenariat garantissant la compl\u00e9mentarit\u00e9 au service des questions de l\u2019eau et de l\u2019environnement.<\/p>\n\n\n\n<p>La troisi\u00e8me convention-cadre, paraph\u00e9e par le&nbsp;Ministre de l\u2019Int\u00e9rieur, le&nbsp;Ministre d\u00e9l\u00e9gu\u00e9 charg\u00e9 du Budget et le&nbsp;Ministre du Transport et de la Logistique, ainsi que les&nbsp;Pr\u00e9sidents des douze Conseils r\u00e9gionaux, se rapporte au financement du programme d\u2019investissement du nouveau mod\u00e8le de contrats de gestion d\u00e9l\u00e9gu\u00e9e de transport public urbain et intercommunal par autobus.&nbsp;Dot\u00e9e d\u2019une enveloppe de 11 milliards de DH portant sur la p\u00e9riode 2025 \u00e0 2029, cette convention-cadre vise \u00e0 am\u00e9liorer l\u2019offre et la qualit\u00e9 du transport urbain et intercommunal \u00e0 travers un nouveau mod\u00e8le \u00e9conomique de ce secteur, visant \u00e0 garantir sa durabilit\u00e9 et son \u00e9quilibre financier, outre la r\u00e9alisation d\u2019un suivi r\u00e9gulier de ces contrats de gestion d\u00e9l\u00e9gu\u00e9e.<\/p>\n\n\n\n<p>La quatri\u00e8me convention-cadre, sign\u00e9e par le&nbsp;Ministre de l\u2019Int\u00e9rieur, le&nbsp;Ministre d\u00e9l\u00e9gu\u00e9 charg\u00e9 du Budget et la&nbsp;Ministre de la Transition \u00e9nerg\u00e9tique et du D\u00e9veloppement durable ainsi que les&nbsp;Pr\u00e9sidents des douze Conseils r\u00e9gionaux, se rapporte \u00e0 la gestion du secteur des d\u00e9chets m\u00e9nagers et assimil\u00e9s sur la p\u00e9riode 2025-2034. Elle ambitionne de d\u00e9velopper le partenariat entre les diff\u00e9rents d\u00e9partements minist\u00e9riels et les conseils des r\u00e9gions dans l\u2019am\u00e9lioration de la gestion et de la valorisation des d\u00e9chets m\u00e9nagers et assimil\u00e9s, afin de r\u00e9aliser le d\u00e9veloppement durable.<\/p>\n","protected":false},"excerpt":{"rendered":"<p>Les&nbsp;r\u00e9centes&nbsp;Assises&nbsp;Nationales&nbsp;de la&nbsp;R\u00e9gionalisation&nbsp;Avanc\u00e9e, tenues&nbsp;les 20 et 21 d\u00e9cembre \u00e0 Tanger, ont enregistr\u00e9 un&nbsp;succ\u00e8s majeur.&nbsp;Plac\u00e9 sous le&nbsp;haut&nbsp;patronage de S.M.&nbsp;le Roi Mohammed VI, cet \u00e9v\u00e9nement&nbsp;a \u00e9t\u00e9organis\u00e9&nbsp;sous le th\u00e8me&nbsp;de&nbsp;\u00abLa r\u00e9gionalisation avanc\u00e9e, entre les d\u00e9fis d\u2019aujourd\u2019hui et de demain\u00bb et organis\u00e9 par le minist\u00e8re de l\u2019Int\u00e9rieur en partenariat avec l\u2019Association des&nbsp;R\u00e9gions du Maroc. Ont pris&nbsp;part \u00e0 ces Assises des responsables &hellip;<\/p>\n","protected":false},"author":9,"featured_media":32309,"comment_status":"open","ping_status":"closed","sticky":false,"template":"","format":"standard","meta":{"footnotes":""},"categories":[196],"tags":[],"class_list":["post-32321","post","type-post","status-publish","format-standard","has-post-thumbnail","hentry","category-developpement"],"_links":{"self":[{"href":"https:\/\/letempsmag.ma\/index.php?rest_route=\/wp\/v2\/posts\/32321","targetHints":{"allow":["GET"]}}],"collection":[{"href":"https:\/\/letempsmag.ma\/index.php?rest_route=\/wp\/v2\/posts"}],"about":[{"href":"https:\/\/letempsmag.ma\/index.php?rest_route=\/wp\/v2\/types\/post"}],"author":[{"embeddable":true,"href":"https:\/\/letempsmag.ma\/index.php?rest_route=\/wp\/v2\/users\/9"}],"replies":[{"embeddable":true,"href":"https:\/\/letempsmag.ma\/index.php?rest_route=%2Fwp%2Fv2%2Fcomments&post=32321"}],"version-history":[{"count":1,"href":"https:\/\/letempsmag.ma\/index.php?rest_route=\/wp\/v2\/posts\/32321\/revisions"}],"predecessor-version":[{"id":32322,"href":"https:\/\/letempsmag.ma\/index.php?rest_route=\/wp\/v2\/posts\/32321\/revisions\/32322"}],"wp:featuredmedia":[{"embeddable":true,"href":"https:\/\/letempsmag.ma\/index.php?rest_route=\/wp\/v2\/media\/32309"}],"wp:attachment":[{"href":"https:\/\/letempsmag.ma\/index.php?rest_route=%2Fwp%2Fv2%2Fmedia&parent=32321"}],"wp:term":[{"taxonomy":"category","embeddable":true,"href":"https:\/\/letempsmag.ma\/index.php?rest_route=%2Fwp%2Fv2%2Fcategories&post=32321"},{"taxonomy":"post_tag","embeddable":true,"href":"https:\/\/letempsmag.ma\/index.php?rest_route=%2Fwp%2Fv2%2Ftags&post=32321"}],"curies":[{"name":"wp","href":"https:\/\/api.w.org\/{rel}","templated":true}]}}