{"id":32315,"date":"2024-12-25T10:21:35","date_gmt":"2024-12-25T09:21:35","guid":{"rendered":"https:\/\/letempsmag.ma\/?p=32315"},"modified":"2024-12-25T10:21:35","modified_gmt":"2024-12-25T09:21:35","slug":"reouverture-spectaculaire-pour-akira-back-marrakech","status":"publish","type":"post","link":"https:\/\/letempsmag.ma\/?p=32315","title":{"rendered":"R\u00e9ouverture spectaculaire\u00a0pour\u00a0Akira Back Marrakech"},"content":{"rendered":"\n<p>Akira Back Marrakech fait son grand retour apr\u00e8s une transformation spectaculaire sur le rooftop de l\u2019h\u00f4telPestana CR7, d\u00e9sormais appel\u00e9&nbsp;\u00abAkira Back The Rooftop\u00bb. Cette r\u00e9ouverture se distingue par une ambiance lounge chic et d\u00e9contract\u00e9e, offrant la possibilit\u00e9 de d\u00e9couvrir une fusion savoureuse des cuisines japonaises et cor\u00e9ennes, sublim\u00e9e par une vue imprenable sur le skyline de Marrakech. \u00c0 l\u2019occasion des f\u00eates de fin d\u2019ann\u00e9e, Akira Back The Rooftop devient un lieu central de c\u00e9l\u00e9brations, avec quatre soir\u00e9es exceptionnelles alliant gastronomie et musique, du 28 au 31 d\u00e9cembre. Ce sera un moment privil\u00e9gi\u00e9 pour ceux en qu\u00eate de souvenirs m\u00e9morables o\u00f9 la gastronomie et la musique se rencontrent dans un cadre d\u2019exception.<\/p>\n\n\n\n<p><strong><em>E<\/em><\/strong><strong><em>xp\u00e9rience culinaire unique pour les f\u00eates<\/em><\/strong><\/p>\n\n\n\n<p>Du 28 au 30 d\u00e9cembre, deux aventures gastronomiques s\u2019offriront aux visiteurs : un menu \u00e0 la carte, o\u00f9 les cr\u00e9ations signatures du chef Akira Back subliment les meilleurs ingr\u00e9dients \u00e0 travers des saveurs audacieuses inspir\u00e9es de la cuisine fusion japonaise et cor\u00e9enne ou un menu partag\u00e9 pour un moment convivial, mettant \u00e0 l\u2019honneur des plats iconiques tels que la l\u00e9gendaire Tuna Pizza, le Salmon Tataki, les Rock Shrimps, le Tenderloin glac\u00e9 au miel cor\u00e9en et l\u2019irr\u00e9sistible Yuzu Lemon Tart.<\/p>\n\n\n\n<p>Le 31 d\u00e9cembre, un menu exclusif sera propos\u00e9 pour f\u00eater la nouvelle ann\u00e9e de mani\u00e8re inoubliable. Chaque bouch\u00e9e promet d\u2019\u00eatre une v\u00e9ritable \u0153uvre d\u2019art culinaire, marquant le passage \u00e0 2025 dans un style unique.<\/p>\n\n\n\n<p>Akira Back The Rooftop se distingue \u00e9galement par&nbsp;uneprogrammation musicale \u00e9lectrisante. Le 28 d\u00e9cembre, DJ Oonlycut fera vibrer l\u2019ambiance.&nbsp;Le 29 d\u00e9cembre, DJ Kalindi envo\u00fbtera l\u2019espace avec ses sets captivants. Et&nbsp;le 30 d\u00e9cembre, les m\u00e9lodies&nbsp;p\u00e9n\u00e9trantes&nbsp;d\u2019Irenee S Live cl\u00f4tureront ces soir\u00e9es musicales.<\/p>\n\n\n\n<p><strong><em>Un<\/em><\/strong><strong><em>&nbsp;nouveau point de ralliement&nbsp;<\/em><\/strong><strong><em>\u00e0<\/em><\/strong><strong><em>&nbsp;Marrakech<\/em><\/strong><\/p>\n\n\n\n<p>Akira Back The Rooftop s\u2019affirme comme l\u2019adresse incontournable de la ville, mariant l\u2019audace culinaire du chef Akira Back \u00e0 une ambiance chaleureuse et conviviale. Que ce soit pour un d\u00eener raffin\u00e9, un afterwork, ou un verre entre amis, l\u2019exp\u00e9rience se distingue au-del\u00e0 de l\u2019assiette gr\u00e2ce \u00e0 des cocktails innovants et une atmosph\u00e8re musicale vibrante qui compl\u00e8tent parfaitement l\u2019esprit unique du lieu.<\/p>\n\n\n\n<p>Les r\u00e9servations sont ouvertes pour c\u00e9l\u00e9brer l\u2019arriv\u00e9e de 2025 dans un style in\u00e9gal\u00e9 et une ambiance inoubliable sous les \u00e9toiles de Marrakech.<\/p>\n","protected":false},"excerpt":{"rendered":"<p>Akira Back Marrakech fait son grand retour apr\u00e8s une transformation spectaculaire sur le rooftop de l\u2019h\u00f4telPestana CR7, d\u00e9sormais appel\u00e9&nbsp;\u00abAkira Back The Rooftop\u00bb. Cette r\u00e9ouverture se distingue par une ambiance lounge chic et d\u00e9contract\u00e9e, offrant la possibilit\u00e9 de d\u00e9couvrir une fusion savoureuse des cuisines japonaises et cor\u00e9ennes, sublim\u00e9e par une vue imprenable sur le skyline de &hellip;<\/p>\n","protected":false},"author":9,"featured_media":32311,"comment_status":"open","ping_status":"closed","sticky":false,"template":"","format":"standard","meta":{"footnotes":""},"categories":[109],"tags":[],"class_list":["post-32315","post","type-post","status-publish","format-standard","has-post-thumbnail","hentry","category-divertissement"],"_links":{"self":[{"href":"https:\/\/letempsmag.ma\/index.php?rest_route=\/wp\/v2\/posts\/32315","targetHints":{"allow":["GET"]}}],"collection":[{"href":"https:\/\/letempsmag.ma\/index.php?rest_route=\/wp\/v2\/posts"}],"about":[{"href":"https:\/\/letempsmag.ma\/index.php?rest_route=\/wp\/v2\/types\/post"}],"author":[{"embeddable":true,"href":"https:\/\/letempsmag.ma\/index.php?rest_route=\/wp\/v2\/users\/9"}],"replies":[{"embeddable":true,"href":"https:\/\/letempsmag.ma\/index.php?rest_route=%2Fwp%2Fv2%2Fcomments&post=32315"}],"version-history":[{"count":1,"href":"https:\/\/letempsmag.ma\/index.php?rest_route=\/wp\/v2\/posts\/32315\/revisions"}],"predecessor-version":[{"id":32316,"href":"https:\/\/letempsmag.ma\/index.php?rest_route=\/wp\/v2\/posts\/32315\/revisions\/32316"}],"wp:featuredmedia":[{"embeddable":true,"href":"https:\/\/letempsmag.ma\/index.php?rest_route=\/wp\/v2\/media\/32311"}],"wp:attachment":[{"href":"https:\/\/letempsmag.ma\/index.php?rest_route=%2Fwp%2Fv2%2Fmedia&parent=32315"}],"wp:term":[{"taxonomy":"category","embeddable":true,"href":"https:\/\/letempsmag.ma\/index.php?rest_route=%2Fwp%2Fv2%2Fcategories&post=32315"},{"taxonomy":"post_tag","embeddable":true,"href":"https:\/\/letempsmag.ma\/index.php?rest_route=%2Fwp%2Fv2%2Ftags&post=32315"}],"curies":[{"name":"wp","href":"https:\/\/api.w.org\/{rel}","templated":true}]}}