{"id":32295,"date":"2024-12-24T10:41:53","date_gmt":"2024-12-24T09:41:53","guid":{"rendered":"https:\/\/letempsmag.ma\/?p=32295"},"modified":"2024-12-24T10:41:53","modified_gmt":"2024-12-24T09:41:53","slug":"bim-maroc-et-sos-villages-denfants-maroc-font-le-point-sur-un-partenariat-exemplaire","status":"publish","type":"post","link":"https:\/\/letempsmag.ma\/?p=32295","title":{"rendered":"BIM Maroc et SOS Villages d&#8217;Enfants Maroc font le point sur un partenariat exemplaire"},"content":{"rendered":"\n<p>BIM Maroc et SOS Villages d&#8217;Enfants Maroc ont pr\u00e9sent\u00e9 hier les r\u00e9sultats d&#8217;\u00e9tape de leur partenariat initi\u00e9 en 2023. Ce partenariat, qui se poursuit jusqu&#8217;en 2026, vise \u00e0 soutenir l&#8217;\u00e9ducation et l&#8217;insertion professionnelle des jeunes, en particulier ceux issus des villages SOS, \u00e0 travers des programmes d&#8217;accompagnement innovants et personnalis\u00e9s.<br>\u00c0 cette occasion, Ahmet Fevzi \u00c7aliskan, CEO de BIM Maroc, et Samya El Mousti, Directrice Nationale de SOS Villages d&#8217;Enfants Maroc, ont d\u00e9taill\u00e9 les axes principaux de leur collaboration, qui sont au nombre de trois. D&#8217;abord, le partenariat assure la prise en charge des \u00e9tudes sup\u00e9rieures des jeunes bacheliers les plus m\u00e9ritants, couvrant les frais de scolarit\u00e9, les soins m\u00e9dicaux et les besoins essentiels. Ensuite, il favorise l&#8217;acc\u00e8s \u00e0 des formations professionnelles et \u00e0 des stages en entreprise, permettant une immersion dans le monde du travail. Enfin, un accompagnement personnalis\u00e9 est mis en place pour garantir la r\u00e9ussite acad\u00e9mique et le d\u00e9veloppement personnel des jeunes.<br>Avec un budget de 1,5 million de DH, ce partenariat a d\u00e9j\u00e0 permis \u00e0 plusieurs jeunes de poursuivre leurs \u00e9tudes de master dans des universit\u00e9s de renom au Maroc et \u00e0 l&#8217;\u00e9tranger. \u00abNous sommes fiers de notre partenariat avec SOS Villages d&#8217;Enfants Maroc, qui traduit l&#8217;importance que BIM accorde \u00e0 l&#8217;\u00e9ducation en g\u00e9n\u00e9ral et l&#8217;enseignement sup\u00e9rieur en particulier. Il ne s&#8217;agit pas ici d&#8217;un simple don d&#8217;argent. Cr\u00e9er un impact positif sur notre communaut\u00e9 fait partie de notre responsabilit\u00e9 sociale\u00bb, a d\u00e9clar\u00e9 Ahmet Fevzi \u00c7aliskan, soulignant l&#8217;engagement de BIM Maroc envers l&#8217;\u00e9ducation et le d\u00e9veloppement humain.<br>De son c\u00f4t\u00e9, Samya El Mousti a \u00e9voqu\u00e9 les r\u00e9ussites concr\u00e8tes de l&#8217;initiative, citant des exemples de jeunes comme Siham, Oumaima, Yassine et Adam, qui ont r\u00e9ussi \u00e0 int\u00e9grer de prestigieuses universit\u00e9s et pr\u00e9parer des carri\u00e8res ambitieuses. Elle a ajout\u00e9&nbsp;: \u00ab\u00c0 travers notre collaboration avec BIM Maroc, nous leur offrons d&#8217;abord des parcours \u00e9ducatifs solides, mais aussi des opportunit\u00e9s concr\u00e8tes pour leur avenir professionnel \u00e0 travers du mentoring et de l&#8217;insertion professionnelle. Ces jeunes voient leurs r\u00eaves nourris et leurs ambitions r\u00e9alis\u00e9es, gr\u00e2ce \u00e0 un accompagnement qui les pr\u00e9pare \u00e0 s&#8217;\u00e9panouir dans des carri\u00e8res prometteuses\u00bb.<br>Guid\u00e9e par les valeurs d&#8217;\u00e9quit\u00e9, de responsabilit\u00e9 sociale et de d\u00e9veloppement durable, l&#8217;enseigne BIM Maroc a int\u00e9gr\u00e9 l&#8217;\u00e9ducation et l&#8217;insertion professionnelle des jeunes parmi ses priorit\u00e9s strat\u00e9giques. \u00c0 travers des initiatives comme son partenariat avec SOS Villages d&#8217;Enfants, le g\u00e9ant de la distribution traduit sa volont\u00e9 de contribuer \u00e0 construire un avenir inclusif et \u00e9quitable, en r\u00e9duisant les barri\u00e8res socio-\u00e9conomiques et en cr\u00e9ant des opportunit\u00e9s r\u00e9elles \u00e0 la jeunesse marocaine.<br>Pour 2025, BIM Maroc et SOS Villages d&#8217;Enfants Maroc pr\u00e9voient d&#8217;\u00e9largir le nombre de b\u00e9n\u00e9ficiaires et d&#8217;enrichir les programmes propos\u00e9s. Ce partenariat s&#8217;inscrit dans une vision commune visant \u00e0 r\u00e9duire les in\u00e9galit\u00e9s sociales et \u00e9conomiques, et \u00e0 offrir \u00e0 chaque jeune les outils n\u00e9cessaires pour r\u00e9ussir dans un environnement professionnel et personnel \u00e9panouissant.<br>L&#8217;engagement de BIM Maroc en faveur de l&#8217;insertion des jeunes ne se limite pas \u00e0 ses actions directes dans l&#8217;\u00e9ducation. L&#8217;entreprise, leader du hard-discount au Maroc, int\u00e8gre la responsabilit\u00e9 sociale dans sa strat\u00e9gie, en mettant l&#8217;accent sur l&#8217;accessibilit\u00e9, la qualit\u00e9 et le d\u00e9veloppement durable. Avec 780 magasins r\u00e9partis dans 60 villes et une \u00e9quipe de plus de 5.000 employ\u00e9s, BIM Maroc d\u00e9ploie des initiatives locales visant \u00e0 r\u00e9duire les barri\u00e8res socio-\u00e9conomiques et \u00e0 cr\u00e9er des opportunit\u00e9s pour les jeunes g\u00e9n\u00e9rations.<br>De son c\u00f4t\u00e9, SOS Villages d&#8217;Enfants Maroc, pr\u00e9sente au Maroc depuis 1985, \u0153uvre pour l&#8217;\u00e9panouissement des enfants priv\u00e9s de soutien familial. Gr\u00e2ce \u00e0 des programmes comme \u00abYouthCan\u00bb, qui favorisent l&#8217;autonomie et l&#8217;insertion professionnelle des jeunes adultes, l&#8217;association \u0153uvre \u00e0 r\u00e9duire les in\u00e9galit\u00e9s et \u00e0 offrir des perspectives d&#8217;avenir concr\u00e8tes.<\/p>\n\n\n\n<p>L. F.<\/p>\n","protected":false},"excerpt":{"rendered":"<p>BIM Maroc et SOS Villages d&#8217;Enfants Maroc ont pr\u00e9sent\u00e9 hier les r\u00e9sultats d&#8217;\u00e9tape de leur partenariat initi\u00e9 en 2023. Ce partenariat, qui se poursuit jusqu&#8217;en 2026, vise \u00e0 soutenir l&#8217;\u00e9ducation et l&#8217;insertion professionnelle des jeunes, en particulier ceux issus des villages SOS, \u00e0 travers des programmes d&#8217;accompagnement innovants et personnalis\u00e9s.\u00c0 cette occasion, Ahmet Fevzi \u00c7aliskan, &hellip;<\/p>\n","protected":false},"author":9,"featured_media":32288,"comment_status":"open","ping_status":"closed","sticky":false,"template":"","format":"standard","meta":{"footnotes":""},"categories":[66],"tags":[],"class_list":["post-32295","post","type-post","status-publish","format-standard","has-post-thumbnail","hentry","category-engagement-social"],"_links":{"self":[{"href":"https:\/\/letempsmag.ma\/index.php?rest_route=\/wp\/v2\/posts\/32295","targetHints":{"allow":["GET"]}}],"collection":[{"href":"https:\/\/letempsmag.ma\/index.php?rest_route=\/wp\/v2\/posts"}],"about":[{"href":"https:\/\/letempsmag.ma\/index.php?rest_route=\/wp\/v2\/types\/post"}],"author":[{"embeddable":true,"href":"https:\/\/letempsmag.ma\/index.php?rest_route=\/wp\/v2\/users\/9"}],"replies":[{"embeddable":true,"href":"https:\/\/letempsmag.ma\/index.php?rest_route=%2Fwp%2Fv2%2Fcomments&post=32295"}],"version-history":[{"count":1,"href":"https:\/\/letempsmag.ma\/index.php?rest_route=\/wp\/v2\/posts\/32295\/revisions"}],"predecessor-version":[{"id":32296,"href":"https:\/\/letempsmag.ma\/index.php?rest_route=\/wp\/v2\/posts\/32295\/revisions\/32296"}],"wp:featuredmedia":[{"embeddable":true,"href":"https:\/\/letempsmag.ma\/index.php?rest_route=\/wp\/v2\/media\/32288"}],"wp:attachment":[{"href":"https:\/\/letempsmag.ma\/index.php?rest_route=%2Fwp%2Fv2%2Fmedia&parent=32295"}],"wp:term":[{"taxonomy":"category","embeddable":true,"href":"https:\/\/letempsmag.ma\/index.php?rest_route=%2Fwp%2Fv2%2Fcategories&post=32295"},{"taxonomy":"post_tag","embeddable":true,"href":"https:\/\/letempsmag.ma\/index.php?rest_route=%2Fwp%2Fv2%2Ftags&post=32295"}],"curies":[{"name":"wp","href":"https:\/\/api.w.org\/{rel}","templated":true}]}}