{"id":32276,"date":"2024-12-27T12:32:02","date_gmt":"2024-12-27T11:32:02","guid":{"rendered":"https:\/\/letempsmag.ma\/?p=32276"},"modified":"2024-12-27T12:32:03","modified_gmt":"2024-12-27T11:32:03","slug":"pour-qui-roule-aziz-ghali","status":"publish","type":"post","link":"https:\/\/letempsmag.ma\/?p=32276","title":{"rendered":"Pour qui roule Aziz Ghali\u00a0?"},"content":{"rendered":"\n<p>Oui, pour qui roule donc Aziz Ghali&nbsp;? S\u00fbrement pas pour son pays. Le Pr\u00e9sident de l\u2019Association Marocaine des Droits de l\u2019Homme (AMDH) d\u00e9fraie la chronique, depuis quelques jours, r\u00e9ussissant l\u2019\u00abexploit\u00bb de se mettre \u00e0 dos de nombreux membres de cette ONG et, surtout, de mobiliser contre sa personne une grande partie de la presse nationale. Pourquoi&nbsp;? Parce que le Sieur Aziz Ghali a d\u00e9cid\u00e9 que le Sahara marocain est un sujet de r\u00e9visionnisme et que le consensus national sur cette question est une vue de l\u2019esprit. En d\u2019autres termes, le plan de r\u00e8glement de ce dossier sous souverainet\u00e9 marocaine devrait \u00eatre\u2026 n\u00e9goci\u00e9&nbsp;!<\/p>\n\n\n\n<p>Dire que cette posture est grave ou r\u00e9voltante est un doux euph\u00e9misme. Car les r\u00e9centes d\u00e9clarations de ce mercenaire, \u00e0 propos de la cause nationale du Sahara, visent frontalement la souverainet\u00e9 de l\u2019\u00c9tat marocain et heurtent les sentiments patriotiques de 36 millions de personnes unies derri\u00e8re le drapeau rouge et vert.<\/p>\n\n\n\n<p>Alors, la question se pose avec insistance&nbsp;: quel agenda \u00e9tranger le Sieur Aziz Ghali est-il en train de servir&nbsp;? Suivez mon regard&nbsp;! Et regardez bien surtout, car l\u2019onde de choc, cr\u00e9\u00e9e par les r\u00e9centes sorties de ce fossoyeur de la cause nationale, non seulement menace les fondements de l\u2019Association qu\u2019il pr\u00e9side, mais interroge les consciences au Maroc, tous bords confondus, sur les motivations naus\u00e9abondes de cet homme qui pr\u00e9tend \u00e9branler le consensus national sur la marocanit\u00e9 du Sahara.<\/p>\n\n\n\n<p>Les d\u00e9fections, depuis quelques jours, au sein de l\u2019AMDH ne se comptent plus \u00e0 travers le pays. Un des d\u00e9missionnaires influents, dans la r\u00e9gion de Taourirt, a d\u00e9clar\u00e9 aux m\u00e9dias que sa d\u00e9cision est un effet direct et imm\u00e9diat des d\u00e9clarations d\u2019Aziz Ghali sur la question du Sahara marocain. Question consid\u00e9r\u00e9e depuis 49 ans comme la plus importante pour le peuple marocain. Question qui ne saurait, \u00e0 ce titre, ni faire l\u2019objet de discussions, ni encore moins de marchandage. Ce membre de l\u2019AMDH a clam\u00e9, pour enfoncer le clou, n\u2019\u00eatre plus honor\u00e9 de continuer \u00e0 \u00eatre membre de l\u2019Association. Le \u00abmeilleur\u00bb est encore ceci&nbsp;: selon notre confr\u00e8re \u00abAssabah\u00bb, les d\u00e9missionnaires de l\u2019ONG regrettent que l\u2019AMDH soit aujourd\u2019hui \u00abSous la domination d\u2019un mouvement qui a pour habitude de s\u2019\u00e9carter des constantes nationales et de se cacher derri\u00e8re la d\u00e9fense des Droits de l\u2019Homme pour faire chanter l\u2019\u00c9tat\u00bb.<\/p>\n\n\n\n<p>D\u00e9passant de tr\u00e8s loin le simple cadre associatif, la question interroge donc la conscience nationale tout enti\u00e8re. Elle interpelle les partis politiques, les m\u00e9dias, les associations au sein de la soci\u00e9t\u00e9 civile et jusqu\u2019aux citoyens ordinaires. Cela s\u2019appelle \u00abmarquer contre son propre camp\u00bb. Pr\u00e8s d\u2019un demi-si\u00e8cle depuis la Marche Verte, des centaines de morts et des milliers de prisonniers ont pay\u00e9 par le sang la fiert\u00e9 d\u2019\u00eatre Marocains. Le moins que l\u2019on puisse faire, en leur m\u00e9moire, est de d\u00e9noncer par tous les moyens possibles la posture du paria Aziz Ghali. Un ennemi de la Patrie, il n\u2019y a pas d\u2019autres mots.<\/p>\n\n\n\n<p><strong>LE TEMPS<\/strong><\/p>\n\n\n\n<p><\/p>\n\n\n\n<p><\/p>\n\n\n\n<p><\/p>\n\n\n\n<p><\/p>\n\n\n\n<p><\/p>\n","protected":false},"excerpt":{"rendered":"<p>Oui, pour qui roule donc Aziz Ghali&nbsp;? S\u00fbrement pas pour son pays. Le Pr\u00e9sident de l\u2019Association Marocaine des Droits de l\u2019Homme (AMDH) d\u00e9fraie la chronique, depuis quelques jours, r\u00e9ussissant l\u2019\u00abexploit\u00bb de se mettre \u00e0 dos de nombreux membres de cette ONG et, surtout, de mobiliser contre sa personne une grande partie de la presse nationale. &hellip;<\/p>\n","protected":false},"author":9,"featured_media":32265,"comment_status":"open","ping_status":"closed","sticky":false,"template":"","format":"standard","meta":{"footnotes":""},"categories":[369],"tags":[],"class_list":["post-32276","post","type-post","status-publish","format-standard","has-post-thumbnail","hentry","category-billet"],"_links":{"self":[{"href":"https:\/\/letempsmag.ma\/index.php?rest_route=\/wp\/v2\/posts\/32276","targetHints":{"allow":["GET"]}}],"collection":[{"href":"https:\/\/letempsmag.ma\/index.php?rest_route=\/wp\/v2\/posts"}],"about":[{"href":"https:\/\/letempsmag.ma\/index.php?rest_route=\/wp\/v2\/types\/post"}],"author":[{"embeddable":true,"href":"https:\/\/letempsmag.ma\/index.php?rest_route=\/wp\/v2\/users\/9"}],"replies":[{"embeddable":true,"href":"https:\/\/letempsmag.ma\/index.php?rest_route=%2Fwp%2Fv2%2Fcomments&post=32276"}],"version-history":[{"count":2,"href":"https:\/\/letempsmag.ma\/index.php?rest_route=\/wp\/v2\/posts\/32276\/revisions"}],"predecessor-version":[{"id":32279,"href":"https:\/\/letempsmag.ma\/index.php?rest_route=\/wp\/v2\/posts\/32276\/revisions\/32279"}],"wp:featuredmedia":[{"embeddable":true,"href":"https:\/\/letempsmag.ma\/index.php?rest_route=\/wp\/v2\/media\/32265"}],"wp:attachment":[{"href":"https:\/\/letempsmag.ma\/index.php?rest_route=%2Fwp%2Fv2%2Fmedia&parent=32276"}],"wp:term":[{"taxonomy":"category","embeddable":true,"href":"https:\/\/letempsmag.ma\/index.php?rest_route=%2Fwp%2Fv2%2Fcategories&post=32276"},{"taxonomy":"post_tag","embeddable":true,"href":"https:\/\/letempsmag.ma\/index.php?rest_route=%2Fwp%2Fv2%2Ftags&post=32276"}],"curies":[{"name":"wp","href":"https:\/\/api.w.org\/{rel}","templated":true}]}}