{"id":32168,"date":"2024-12-18T11:43:00","date_gmt":"2024-12-18T10:43:00","guid":{"rendered":"https:\/\/letempsmag.ma\/?p=32168"},"modified":"2024-12-18T11:43:01","modified_gmt":"2024-12-18T10:43:01","slug":"le-groupe-x-maroc-planche-sur-lavenir-energetique-du-royaume","status":"publish","type":"post","link":"https:\/\/letempsmag.ma\/?p=32168","title":{"rendered":"Le Groupe X-Maroc planche sur l&#8217;avenir \u00e9nerg\u00e9tique du Royaume\u00a0"},"content":{"rendered":"\n<p>La 9\u00e8me \u00e9dition du Colloque X-Maroc, tenu le 17 d\u00e9cembre courant \u00e0 Casablanca sous le th\u00e8me \u00abAvenir \u00e9nerg\u00e9tique du Maroc, d\u00e9fis et opportunit\u00e9s\u00bb, a \u00e9t\u00e9 un franc succ\u00e8s. A travers une programmation riche et des interventions passionnantes et pragmatiques, le Colloque, organis\u00e9 par le Groupe X-Maroc (Association marocaine des anciens \u00e9l\u00e8ves de l\u2019Ecole polytechnique), a tenu toutes ses promesses.<\/p>\n\n\n\n<p>\u00abNous avons \u00e9t\u00e9 honor\u00e9s par le haut patronage de Sa Majest\u00e9 le Roi Mohammed VI, que Dieu L\u2019assiste, ce colloque s\u2019inscrit dans le cadre des Hautes Orientations du Souverain en faveur du d\u00e9bat national autour de l\u2019avenir \u00e9nerg\u00e9tique du pays. Nous sommes fiers de la qualit\u00e9 des d\u00e9bats et des experts de renom qui ont contribu\u00e9 \u00e0 la r\u00e9ussite de ce colloque\u00bb, a d\u00e9clar\u00e9 Jamal Eddine M\u2019Hamdi, Pr\u00e9sident du Groupe X-Maroc.<\/p>\n\n\n\n<p>Intensification des investissements<\/p>\n\n\n\n<p>Le colloque a \u00e9t\u00e9 marqu\u00e9 par la pr\u00e9sence et les allocutions distingu\u00e9es de deux hauts responsables : Leila Benali, Ministre de la Transition \u00e9nerg\u00e9tique et du D\u00e9veloppement durable, et Ryad Mezzour, Ministre de l\u2019Industrie et du Commerce.<\/p>\n\n\n\n<p>Dans son allocution, Leila Benali a livr\u00e9 un discours engageant, insistant sur le changement de paradigme et la r\u00e9volution \u00e9nerg\u00e9tique enclench\u00e9e depuis 2021. Elle a appel\u00e9 \u00e0 une acc\u00e9l\u00e9ration du rythme des investissements dans les \u00e9nergies renouvelables afin de r\u00e9pondre aux d\u00e9fis du Maroc de demain et consolider le positionnement du pays parmi les cinq pays \u00abconnecteurs\u00bb dans le monde.<\/p>\n\n\n\n<p>\u00abL\u2019ann\u00e9e 2024 a connu un point d\u2019inflexion dans l\u2019histoire de l\u2019\u00e9nergie renouvelable au Maroc. Nous sommes en train de changer la r\u00e9glementation tous azimuts pour accompagner le changement du secteur et favoriser un choc d\u2019investissement. La transition \u00e9nerg\u00e9tique que le Maroc conna\u00eet se doit d\u2019\u00eatre inclusive, juste, comp\u00e9titive et propre. Elle doit aussi et surtout \u00eatre sociale et \u00e9conomique\u00bb, a affirm\u00e9 la Ministre devant le parterre d\u2019experts venus nombreux d\u00e9battre autour de l\u2019avenir \u00e9nerg\u00e9tique du Maroc. Pr\u00e8s de 300 invit\u00e9s reconnus dans le domaine de l\u2019\u00e9nergie ont, en effet, r\u00e9pondu pr\u00e9sent \u00e0 cet \u00e9v\u00e9nement d\u2019envergure, issus des secteur public et priv\u00e9 et d\u2019institutions nationales et internationales.<\/p>\n\n\n\n<p>Le colloque a \u00e9t\u00e9 ponctu\u00e9 par des interventions fructueuses lors de trois panels portant sur des sujets d\u2019actualit\u00e9. Les intervenants au premier panel \u00abLa diversification du mix \u00e9nerg\u00e9tique, investissements et partenariats\u00bb, ont mis en \u00e9vidence l\u2019importance de diversifier les sources d\u2019\u00e9nergie et la n\u00e9cessit\u00e9 de renforcer les investissements \u00e0 travers des partenariats public-priv\u00e9 pour acc\u00e9l\u00e9rer la transition \u00e9nerg\u00e9tique. Ils ont \u00e9galement insist\u00e9 sur le r\u00f4le crucial de l\u2019innovation technologique comme moteur de cette r\u00e9volution \u00e9nerg\u00e9tique.<\/p>\n\n\n\n<p>Le deuxi\u00e8me panel a rassembl\u00e9 des repr\u00e9sentants de plusieurs secteurs \u00e9nergivores comme le ferroviaire, le maritime, les cimenti\u00e8res et la sid\u00e9rurgie. Ayant pour th\u00e8me \u00abCroissance \u00e9conomique et transition \u00e9nerg\u00e9tique\u00bb, le panel a permis de mettre en lumi\u00e8re la n\u00e9cessit\u00e9, pour les exportateurs marocains, de s\u2019adapter aux nouvelles r\u00e9glementations europ\u00e9ennes et de d\u00e9carboner leurs activit\u00e9s. Les intervenants ont ainsi d\u00e9montr\u00e9 que la transition \u00e9nerg\u00e9tique peut constituer un v\u00e9ritable levier pour stimuler la croissance \u00e9conomique et cr\u00e9er de nouveaux emplois.&nbsp;<\/p>\n\n\n\n<p>Acc\u00e9l\u00e9ration des r\u00e9formes r\u00e9glementaires&nbsp;<\/p>\n\n\n\n<p>Ryad Mezzour a lanc\u00e9 un appel aux membres du Groupe X-Maroc pour passer \u00e0 l\u2019action et accompagner cette transition majeure que conna\u00eet le Maroc. \u00abNous sommes en train de vivre un moment exceptionnel. Le changement climatique est, certes, un d\u00e9fi mais constitue une chance pour le Maroc. Gr\u00e2ce \u00e0 ses ressources abondantes en \u00e9nergies renouvelables et sa strat\u00e9gie visionnaire, le Maroc se trouve aujourd\u2019hui au c\u0153ur de la s\u00e9curit\u00e9 \u00e9nerg\u00e9tique de la r\u00e9gion\u00bb, a soulign\u00e9 le haut responsable.<\/p>\n","protected":false},"excerpt":{"rendered":"<p>La 9\u00e8me \u00e9dition du Colloque X-Maroc, tenu le 17 d\u00e9cembre courant \u00e0 Casablanca sous le th\u00e8me \u00abAvenir \u00e9nerg\u00e9tique du Maroc, d\u00e9fis et opportunit\u00e9s\u00bb, a \u00e9t\u00e9 un franc succ\u00e8s. A travers une programmation riche et des interventions passionnantes et pragmatiques, le Colloque, organis\u00e9 par le Groupe X-Maroc (Association marocaine des anciens \u00e9l\u00e8ves de l\u2019Ecole polytechnique), a &hellip;<\/p>\n","protected":false},"author":9,"featured_media":32153,"comment_status":"open","ping_status":"closed","sticky":false,"template":"","format":"standard","meta":{"footnotes":""},"categories":[204],"tags":[],"class_list":["post-32168","post","type-post","status-publish","format-standard","has-post-thumbnail","hentry","category-debat-2"],"_links":{"self":[{"href":"https:\/\/letempsmag.ma\/index.php?rest_route=\/wp\/v2\/posts\/32168","targetHints":{"allow":["GET"]}}],"collection":[{"href":"https:\/\/letempsmag.ma\/index.php?rest_route=\/wp\/v2\/posts"}],"about":[{"href":"https:\/\/letempsmag.ma\/index.php?rest_route=\/wp\/v2\/types\/post"}],"author":[{"embeddable":true,"href":"https:\/\/letempsmag.ma\/index.php?rest_route=\/wp\/v2\/users\/9"}],"replies":[{"embeddable":true,"href":"https:\/\/letempsmag.ma\/index.php?rest_route=%2Fwp%2Fv2%2Fcomments&post=32168"}],"version-history":[{"count":1,"href":"https:\/\/letempsmag.ma\/index.php?rest_route=\/wp\/v2\/posts\/32168\/revisions"}],"predecessor-version":[{"id":32170,"href":"https:\/\/letempsmag.ma\/index.php?rest_route=\/wp\/v2\/posts\/32168\/revisions\/32170"}],"wp:featuredmedia":[{"embeddable":true,"href":"https:\/\/letempsmag.ma\/index.php?rest_route=\/wp\/v2\/media\/32153"}],"wp:attachment":[{"href":"https:\/\/letempsmag.ma\/index.php?rest_route=%2Fwp%2Fv2%2Fmedia&parent=32168"}],"wp:term":[{"taxonomy":"category","embeddable":true,"href":"https:\/\/letempsmag.ma\/index.php?rest_route=%2Fwp%2Fv2%2Fcategories&post=32168"},{"taxonomy":"post_tag","embeddable":true,"href":"https:\/\/letempsmag.ma\/index.php?rest_route=%2Fwp%2Fv2%2Ftags&post=32168"}],"curies":[{"name":"wp","href":"https:\/\/api.w.org\/{rel}","templated":true}]}}