{"id":32148,"date":"2024-12-17T09:14:39","date_gmt":"2024-12-17T08:14:39","guid":{"rendered":"https:\/\/letempsmag.ma\/?p=32148"},"modified":"2024-12-17T09:15:36","modified_gmt":"2024-12-17T08:15:36","slug":"ryad-mezzour-preside-le-conseil-dadministration-darts-et-metiers-campus-de-rabat","status":"publish","type":"post","link":"https:\/\/letempsmag.ma\/?p=32148","title":{"rendered":"Ryad Mezzour pr\u00e9side le Conseil d\u2019administration d\u2019Arts et M\u00e9tiers campus de Rabat"},"content":{"rendered":"\n<p>Le 5\u00e8me Conseil d\u2019Administration de l\u2019\u00c9cole Arts et M\u00e9tiers campus de Rabat s\u2019est tenu, le 16 d\u00e9cembre courant, au si\u00e8ge de l\u2019\u00e9cole, sous la pr\u00e9sidence de Ryad Mezzour, Ministre de l\u2019Industrie et du Commerce, et en pr\u00e9sence notamment de Laurent Champaney, Directeur G\u00e9n\u00e9ral d\u2019Arts et M\u00e9tiers ParisTech, et de Mohamed Khalfaoui, Secr\u00e9taire G\u00e9n\u00e9ral du minist\u00e8re de l&#8217;Enseignement sup\u00e9rieur, de la Recherche scientifique et de l&#8217;Innovation ainsi que des membres du conseil.<\/p>\n\n\n\n<p>Fruit d\u2019un partenariat entre le minist\u00e8re de l\u2019Industrie et du Commerce et Arts et M\u00e9tiers en France, l\u2019\u00e9cole est n\u00e9e de la volont\u00e9 d\u2019accompagner la mont\u00e9e en puissance des entreprises au Maroc \u00e0 travers la formation d\u2019ing\u00e9nieurs et des cadres d\u2019excellence au service des besoins industriels nationaux et continentaux et par le d\u00e9veloppement d\u2019actions de recherche et d\u2019innovation. L\u2019objectif \u00e9tant de faire de l\u2019\u00e9cole un fleuron de l\u2019enseignement sup\u00e9rieur au Maroc et un v\u00e9ritable hub de technologie pour l\u2019Afrique.<\/p>\n\n\n\n<p>L\u2019\u00e9tablissement a \u00e9t\u00e9 ouvert en septembre 2023, offrant aux \u00e9tudiants la possibilit\u00e9 de suivre soit le dipl\u00f4me d&#8217;ing\u00e9nieur, le Programme Grande Ecole Arts et M\u00e9tiers, soit le Bachelor des technologies pour l&#8217;industrie du futur d\u00e9livr\u00e9 par Arts et M\u00e9tiers en m\u00eame temps que la licence professionnelle.<\/p>\n\n\n\n<p>Apr\u00e8s l\u2019accr\u00e9ditation des programmes de formation ainsi que l\u2019int\u00e9gration des premi\u00e8res promotions d\u2019\u00e9tudiants ing\u00e9nieurs et Licence\/Bachelors, en 2023, la rentr\u00e9e universitaire 2024 a \u00e9t\u00e9 marqu\u00e9e par l\u2019ouverture d&#8217;un b\u00e2timent d\u00e9di\u00e9, d\u2019une superficie de 12.000 m2 au sein de l\u2019UM6P \u00e0 Technopolis Sal\u00e9, l\u2019\u00e9largissement des effectifs d\u2019encadrement et d\u2019enseignants-chercheurs, l\u2019obtention d\u2019Arts et M\u00e9tiers ParisTech de l&#8217;avis favorable de la Commission des Titres d\u2019Ing\u00e9nieurs (CTI) pour la d\u00e9livrance du dipl\u00f4me d&#8217;ing\u00e9nieur PGE \u00e0 Arts et M\u00e9tiers campus de Rabat, ainsi que la reconnaissance par l\u2019Etat marocain.<\/p>\n\n\n\n<p>Les perspectives pour 2025 incluent l\u2019\u00e9largissement des effectifs pour atteindre les 190 \u00e9tudiants, le d\u00e9veloppement des plateformes technologiques de pointe notamment l\u2019Evolutive Learning Factory et l\u2019intensification des partenariats avec les acteurs industriels, positionnant l\u2019\u00c9cole comme un acteur cl\u00e9 de la Recherche &amp; Innovation et de l\u2019industrie.<\/p>\n","protected":false},"excerpt":{"rendered":"<p>Le 5\u00e8me Conseil d\u2019Administration de l\u2019\u00c9cole Arts et M\u00e9tiers campus de Rabat s\u2019est tenu, le 16 d\u00e9cembre courant, au si\u00e8ge de l\u2019\u00e9cole, sous la pr\u00e9sidence de Ryad Mezzour, Ministre de l\u2019Industrie et du Commerce, et en pr\u00e9sence notamment de Laurent Champaney, Directeur G\u00e9n\u00e9ral d\u2019Arts et M\u00e9tiers ParisTech, et de Mohamed Khalfaoui, Secr\u00e9taire G\u00e9n\u00e9ral du minist\u00e8re &hellip;<\/p>\n","protected":false},"author":9,"featured_media":32150,"comment_status":"open","ping_status":"closed","sticky":false,"template":"","format":"standard","meta":{"footnotes":""},"categories":[434],"tags":[],"class_list":["post-32148","post","type-post","status-publish","format-standard","has-post-thumbnail","hentry","category-enseignement-superieur"],"_links":{"self":[{"href":"https:\/\/letempsmag.ma\/index.php?rest_route=\/wp\/v2\/posts\/32148","targetHints":{"allow":["GET"]}}],"collection":[{"href":"https:\/\/letempsmag.ma\/index.php?rest_route=\/wp\/v2\/posts"}],"about":[{"href":"https:\/\/letempsmag.ma\/index.php?rest_route=\/wp\/v2\/types\/post"}],"author":[{"embeddable":true,"href":"https:\/\/letempsmag.ma\/index.php?rest_route=\/wp\/v2\/users\/9"}],"replies":[{"embeddable":true,"href":"https:\/\/letempsmag.ma\/index.php?rest_route=%2Fwp%2Fv2%2Fcomments&post=32148"}],"version-history":[{"count":1,"href":"https:\/\/letempsmag.ma\/index.php?rest_route=\/wp\/v2\/posts\/32148\/revisions"}],"predecessor-version":[{"id":32151,"href":"https:\/\/letempsmag.ma\/index.php?rest_route=\/wp\/v2\/posts\/32148\/revisions\/32151"}],"wp:featuredmedia":[{"embeddable":true,"href":"https:\/\/letempsmag.ma\/index.php?rest_route=\/wp\/v2\/media\/32150"}],"wp:attachment":[{"href":"https:\/\/letempsmag.ma\/index.php?rest_route=%2Fwp%2Fv2%2Fmedia&parent=32148"}],"wp:term":[{"taxonomy":"category","embeddable":true,"href":"https:\/\/letempsmag.ma\/index.php?rest_route=%2Fwp%2Fv2%2Fcategories&post=32148"},{"taxonomy":"post_tag","embeddable":true,"href":"https:\/\/letempsmag.ma\/index.php?rest_route=%2Fwp%2Fv2%2Ftags&post=32148"}],"curies":[{"name":"wp","href":"https:\/\/api.w.org\/{rel}","templated":true}]}}