{"id":31995,"date":"2024-12-12T10:34:37","date_gmt":"2024-12-12T09:34:37","guid":{"rendered":"https:\/\/letempsmag.ma\/?p=31995"},"modified":"2024-12-12T10:57:09","modified_gmt":"2024-12-12T09:57:09","slug":"le-maroc-enregistre-un-record-historique-avec-159-millions-de-touristes","status":"publish","type":"post","link":"https:\/\/letempsmag.ma\/?p=31995","title":{"rendered":"Le Maroc enregistre un record historique avec 15,9 millions de touristes"},"content":{"rendered":"\n<p>C\u2019est un indicateur sans pr\u00e9c\u00e9dent&nbsp;! Le Maroc a accueilli un nombre record de 15,9 millions de touristes au cours des 11 premiers mois de cette ann\u00e9e, d\u00e9passant le total de toute l\u2019ann\u00e9e pr\u00e9c\u00e9dente, rapporte le minist\u00e8re du Tourisme.<\/p>\n\n\n\n<p>Les arriv\u00e9es jusqu\u2019en novembre ont augment\u00e9 de 20% par rapport \u00e0 la m\u00eame p\u00e9riode de l\u2019ann\u00e9e derni\u00e8re et de 10% par rapport \u00e0 l\u2019ensemble de l\u2019ann\u00e9e 2023, a indiqu\u00e9 le minist\u00e8re dans un communiqu\u00e9. \u00abCes chiffres remarquables prouvent l\u2019impact de notre feuille de route et constituent une \u00e9tape majeure vers notre objectif de positionner le Maroc parmi les 15 premi\u00e8res destinations touristiques mondiales\u00bb, d\u00e9clare la Ministre de tutelle, Fatim-Zahra Ammor.<\/p>\n\n\n\n<p>Le Royaume a ouvert des lignes a\u00e9riennes suppl\u00e9mentaires vers des march\u00e9s touristiques cl\u00e9s, tout en activant la promotion de nouvelles destinations dans le pays et en encourageant l\u2019industrie \u00e0 r\u00e9nover les h\u00f4tels. De janvier \u00e0 octobre 2024, les recettes touristiques ont augment\u00e9 de 9,3% pour atteindre 97 milliards de DH, selon les chiffres officiels.<\/p>\n\n\n\n<p>Le Maroc vise \u00e0 atteindre 17,5 millions de visiteurs d\u2019ici \u00e0 2026 et 26 millions vers 2030, date \u00e0 laquelle il co-organisera la Coupe du Monde de football avec l\u2019Espagne et le Portugal.<\/p>\n\n\n\n<p><\/p>\n\n\n\n<p><\/p>\n\n\n\n<p><\/p>\n","protected":false},"excerpt":{"rendered":"<p>C\u2019est un indicateur sans pr\u00e9c\u00e9dent&nbsp;! Le Maroc a accueilli un nombre record de 15,9 millions de touristes au cours des 11 premiers mois de cette ann\u00e9e, d\u00e9passant le total de toute l\u2019ann\u00e9e pr\u00e9c\u00e9dente, rapporte le minist\u00e8re du Tourisme. Les arriv\u00e9es jusqu\u2019en novembre ont augment\u00e9 de 20% par rapport \u00e0 la m\u00eame p\u00e9riode de l\u2019ann\u00e9e derni\u00e8re &hellip;<\/p>\n","protected":false},"author":9,"featured_media":31982,"comment_status":"open","ping_status":"closed","sticky":false,"template":"","format":"standard","meta":{"footnotes":""},"categories":[703],"tags":[],"class_list":["post-31995","post","type-post","status-publish","format-standard","has-post-thumbnail","hentry","category-activites-de-voyages"],"_links":{"self":[{"href":"https:\/\/letempsmag.ma\/index.php?rest_route=\/wp\/v2\/posts\/31995","targetHints":{"allow":["GET"]}}],"collection":[{"href":"https:\/\/letempsmag.ma\/index.php?rest_route=\/wp\/v2\/posts"}],"about":[{"href":"https:\/\/letempsmag.ma\/index.php?rest_route=\/wp\/v2\/types\/post"}],"author":[{"embeddable":true,"href":"https:\/\/letempsmag.ma\/index.php?rest_route=\/wp\/v2\/users\/9"}],"replies":[{"embeddable":true,"href":"https:\/\/letempsmag.ma\/index.php?rest_route=%2Fwp%2Fv2%2Fcomments&post=31995"}],"version-history":[{"count":2,"href":"https:\/\/letempsmag.ma\/index.php?rest_route=\/wp\/v2\/posts\/31995\/revisions"}],"predecessor-version":[{"id":31999,"href":"https:\/\/letempsmag.ma\/index.php?rest_route=\/wp\/v2\/posts\/31995\/revisions\/31999"}],"wp:featuredmedia":[{"embeddable":true,"href":"https:\/\/letempsmag.ma\/index.php?rest_route=\/wp\/v2\/media\/31982"}],"wp:attachment":[{"href":"https:\/\/letempsmag.ma\/index.php?rest_route=%2Fwp%2Fv2%2Fmedia&parent=31995"}],"wp:term":[{"taxonomy":"category","embeddable":true,"href":"https:\/\/letempsmag.ma\/index.php?rest_route=%2Fwp%2Fv2%2Fcategories&post=31995"},{"taxonomy":"post_tag","embeddable":true,"href":"https:\/\/letempsmag.ma\/index.php?rest_route=%2Fwp%2Fv2%2Ftags&post=31995"}],"curies":[{"name":"wp","href":"https:\/\/api.w.org\/{rel}","templated":true}]}}