{"id":31790,"date":"2024-12-09T11:03:21","date_gmt":"2024-12-09T10:03:21","guid":{"rendered":"https:\/\/letempsmag.ma\/?p=31790"},"modified":"2024-12-09T11:12:47","modified_gmt":"2024-12-09T10:12:47","slug":"inwi-lance-avec-dir-iddik-une-operation-nationale-de-don-de-sang","status":"publish","type":"post","link":"https:\/\/letempsmag.ma\/?p=31790","title":{"rendered":"Inwi\u00a0lance avec \u00abDir\u00a0Iddik\u00bb une\u00a0op\u00e9ration nationale de don de sang"},"content":{"rendered":"\n<p>Dans le cadre de son engagement citoyen,&nbsp;Inwi annonce le lancement d\u2019une op\u00e9ration de don de sang \u00e0 l\u2019\u00e9chelle nationale. Cette initiative solidaire, qui mobilise plus de 800 b\u00e9n\u00e9voles, se d\u00e9roule&nbsp;depuis le 6&nbsp;d\u00e9cembre dans 8 villes du Royaume&nbsp;:&nbsp;Marrakech, Boujdour, F\u00e8s, Agadir, Casablanca, Al Hoceima, Ouarzazate et Oujda.&nbsp;Au total, 16&nbsp;op\u00e9rations de collecte de sang seront organis\u00e9es afin de contribuer \u00e0 r\u00e9pondre aux besoins en mati\u00e8re de transfusion sanguine.<\/p>\n\n\n\n<p>Pour assurer le succ\u00e8s de cette initiative,&nbsp;Inwi fait appel aux associations partenaires de l\u2019initiative&nbsp;\u00abDir&nbsp;Iddik\u00bb. Ces acteurs associatifs joueront un r\u00f4le cl\u00e9 dans la mobilisation des b\u00e9n\u00e9voles et des donateurs. Ils participeront \u00e9galement \u00e0 la coordination avec les centres nationaux de transfusion sanguine afin d\u2019optimiser le processus de collecte et de distribution.&nbsp;<\/p>\n\n\n\n<p>Gr\u00e2ce \u00e0 cet effort collectif et \u00e0 cette mobilisation du tissu associatif,&nbsp;l\u2019op\u00e9rateur&nbsp;souhaite sensibiliser le public marocain sur l\u2019importance vitale du don de sang et encourager un \u00e9lan de solidarit\u00e9 nationale.<\/p>\n\n\n\n<p>Inwi invite tous les citoyens \u00e0 participer activement \u00e0 cette initiative noble en se rendant aux sessions de don de sang organis\u00e9es dans leur ville. Pour cela, un appel \u00e0 b\u00e9n\u00e9voles est lanc\u00e9 sur la plateforme&nbsp;\u00abwww.diridik.ma\u00bb&nbsp;pour mobiliser le maximum de donateurs et sensibiliser autour de l\u2019importance et la criticit\u00e9 du don de sang au niveau national.<\/p>\n","protected":false},"excerpt":{"rendered":"<p>Dans le cadre de son engagement citoyen,&nbsp;Inwi annonce le lancement d\u2019une op\u00e9ration de don de sang \u00e0 l\u2019\u00e9chelle nationale. Cette initiative solidaire, qui mobilise plus de 800 b\u00e9n\u00e9voles, se d\u00e9roule&nbsp;depuis le 6&nbsp;d\u00e9cembre dans 8 villes du Royaume&nbsp;:&nbsp;Marrakech, Boujdour, F\u00e8s, Agadir, Casablanca, Al Hoceima, Ouarzazate et Oujda.&nbsp;Au total, 16&nbsp;op\u00e9rations de collecte de sang seront organis\u00e9es afin &hellip;<\/p>\n","protected":false},"author":9,"featured_media":31804,"comment_status":"open","ping_status":"closed","sticky":false,"template":"","format":"standard","meta":{"footnotes":""},"categories":[137],"tags":[],"class_list":["post-31790","post","type-post","status-publish","format-standard","has-post-thumbnail","hentry","category-solidarite-2"],"_links":{"self":[{"href":"https:\/\/letempsmag.ma\/index.php?rest_route=\/wp\/v2\/posts\/31790","targetHints":{"allow":["GET"]}}],"collection":[{"href":"https:\/\/letempsmag.ma\/index.php?rest_route=\/wp\/v2\/posts"}],"about":[{"href":"https:\/\/letempsmag.ma\/index.php?rest_route=\/wp\/v2\/types\/post"}],"author":[{"embeddable":true,"href":"https:\/\/letempsmag.ma\/index.php?rest_route=\/wp\/v2\/users\/9"}],"replies":[{"embeddable":true,"href":"https:\/\/letempsmag.ma\/index.php?rest_route=%2Fwp%2Fv2%2Fcomments&post=31790"}],"version-history":[{"count":1,"href":"https:\/\/letempsmag.ma\/index.php?rest_route=\/wp\/v2\/posts\/31790\/revisions"}],"predecessor-version":[{"id":31798,"href":"https:\/\/letempsmag.ma\/index.php?rest_route=\/wp\/v2\/posts\/31790\/revisions\/31798"}],"wp:featuredmedia":[{"embeddable":true,"href":"https:\/\/letempsmag.ma\/index.php?rest_route=\/wp\/v2\/media\/31804"}],"wp:attachment":[{"href":"https:\/\/letempsmag.ma\/index.php?rest_route=%2Fwp%2Fv2%2Fmedia&parent=31790"}],"wp:term":[{"taxonomy":"category","embeddable":true,"href":"https:\/\/letempsmag.ma\/index.php?rest_route=%2Fwp%2Fv2%2Fcategories&post=31790"},{"taxonomy":"post_tag","embeddable":true,"href":"https:\/\/letempsmag.ma\/index.php?rest_route=%2Fwp%2Fv2%2Ftags&post=31790"}],"curies":[{"name":"wp","href":"https:\/\/api.w.org\/{rel}","templated":true}]}}