{"id":31709,"date":"2024-12-05T09:44:57","date_gmt":"2024-12-05T08:44:57","guid":{"rendered":"https:\/\/letempsmag.ma\/?p=31709"},"modified":"2024-12-05T09:44:57","modified_gmt":"2024-12-05T08:44:57","slug":"le-souverain-preside-un-conseil-des-ministres-a-rabat","status":"publish","type":"post","link":"https:\/\/letempsmag.ma\/?p=31709","title":{"rendered":"Le Souverain pr\u00e9side un Conseil des Ministres \u00e0 Rabat"},"content":{"rendered":"\n<p>S.M. le Roi Mohammed VI a pr\u00e9sid\u00e9 hier, mercredi 4 d\u00e9cembre, au Palais Royal \u00e0 Rabat, un Conseil des Ministres, indique un communiqu\u00e9 du Porte-Parole du Palais Royal. En voici la traduction&nbsp;:<\/p>\n\n\n\n<p>\u00abSa Majest\u00e9 le Roi Mohammed VI, que Dieu L\u2019assiste, a pr\u00e9sid\u00e9, ce mercredi 04 d\u00e9cembre 2024, correspondant au 2 Joumada II 1446 H, au Palais Royal \u00e0 Rabat, un Conseil des ministres.<\/p>\n\n\n\n<p>Au d\u00e9but des travaux du Conseil, M. Fouzi Lekjaa, ministre d\u00e9l\u00e9gu\u00e9 aupr\u00e8s de la ministre de l\u2019Economie et des Finances, charg\u00e9 du Budget, et pr\u00e9sident du Comit\u00e9 Coupe du Monde 2030, a pr\u00e9sent\u00e9 un expos\u00e9 devant Sa Majest\u00e9 le Roi, que Dieu Le pr\u00e9serve, sur l\u2019\u00e9tat d\u2019avancement des pr\u00e9paratifs du Royaume pour l\u2019organisation de cet \u00e9v\u00e9nement sportif international.<\/p>\n\n\n\n<p>Monsieur le ministre a pass\u00e9 en revue les diff\u00e9rentes phases franchies par le dossier de candidature du Maroc, depuis l\u2019annonce par Sa Majest\u00e9 le Roi, que Dieu Le glorifie, le 14 mars 2023 \u00e0 Kigali, de la pr\u00e9sentation de la candidature conjointe avec l\u2019Espagne et le Portugal pour l\u2019organisation de la Coupe du Monde 2030, ainsi que l\u2019annonce par le Souverain au peuple marocain, le 04 octobre 2023, de la d\u00e9cision du Conseil de la F\u00e9d\u00e9ration internationale de football (FIFA) de retenir \u00e0 l\u2019unanimit\u00e9 le dossier Maroc-Espagne-Portugal comme candidature unique, ce qui a enclench\u00e9 une mobilisation exceptionnelle pour pr\u00e9parer un dossier de candidature r\u00e9pondant aux exigences et pr\u00e9requis du cahier des charges de la FIFA.<\/p>\n\n\n\n<p>Monsieur le ministre a ajout\u00e9 que cette candidature tripartite soumise \u00e0 la FIFA le 29 juillet 2024 est le r\u00e9sultat d\u2019une mobilisation forte et in\u00e9dite de la part des groupes de travail cr\u00e9\u00e9s \u00e0 cet effet, en particulier au niveau des d\u00e9partements minist\u00e9riels, des \u00e9tablissements et entreprises publics ainsi que des collectivit\u00e9s territoriales et des autorit\u00e9s locales concern\u00e9es.<\/p>\n\n\n\n<p>Le rapport d\u2019\u00e9valuation du dossier de candidature, qui vient d\u2019\u00eatre publi\u00e9 par la FIFA le 29 novembre 2024, a attribu\u00e9 une note exceptionnelle d\u00e9passant largement les exigences requises et ce, en perspective du vote, si Dieu Le veut, de l\u2019attribution de l\u2019organisation de la Coupe du Monde 2030 \u00e0 la candidature tripartite Maroc-Espagne-Portugal, lors du prochain congr\u00e8s extraordinaire du Conseil de la FIFA.<\/p>\n\n\n\n<p>Pour relever le d\u00e9fi d\u2019une organisation \u00e0 la hauteur des aspirations de Sa Majest\u00e9 le Roi, que Dieu L\u2019assiste, Monsieur le ministre a indiqu\u00e9 qu\u2019il sera proc\u00e9d\u00e9, en ex\u00e9cution des Hautes Directives Royales, \u00e0 la mise en place d\u2019un comit\u00e9 avec une composition \u00e9largie, int\u00e9grant notamment des repr\u00e9sentants de la soci\u00e9t\u00e9 civile, des Marocains du monde, ainsi que des comp\u00e9tences africaines.<\/p>\n\n\n\n<p>La mobilisation sera renforc\u00e9e davantage en coordination avec toutes les parties prenantes pour acc\u00e9l\u00e9rer la mise en \u0153uvre de l\u2019ensemble des chantiers strat\u00e9giques et structurants relatifs \u00e0 l\u2019organisation de cette manifestation internationale, en particulier&nbsp;:<\/p>\n\n\n\n<p>&#8211; La mise \u00e0 niveau des stades.<\/p>\n\n\n\n<p>&#8211; L\u2019\u00e9largissement et la r\u00e9novation des a\u00e9roports des six villes h\u00f4tes.<\/p>\n\n\n\n<p>&#8211; L\u2019affermissement des infrastructures routi\u00e8res et la densification des r\u00e9seaux intra-urbains.<\/p>\n\n\n\n<p>&#8211; Le lancement d\u2019un programme de mise \u00e0 niveau territoriale int\u00e9gr\u00e9 qui s\u2019\u00e9tend au-del\u00e0 des villes h\u00f4tes des matchs de la Coupe du Monde.<\/p>\n\n\n\n<p>&#8211; Le d\u00e9veloppement des infrastructures h\u00f4teli\u00e8res et commerciales.<\/p>\n\n\n\n<p>&#8211; Le renforcement et la modernisation de l\u2019offre m\u00e9dicale.<\/p>\n\n\n\n<p>&#8211; Le d\u00e9veloppement et la modernisation des r\u00e9seaux de t\u00e9l\u00e9communications.<\/p>\n\n\n\n<p>&#8211; Le lancement d\u2019un vaste programme de formation pour le renforcement des comp\u00e9tences des jeunes.<\/p>\n\n\n\n<p>Au terme de son allocution, Monsieur le ministre a affirm\u00e9 que la Coupe du Monde 2030 ne sera pas seulement une comp\u00e9tition sportive, mais \u00e9galement une opportunit\u00e9 unique pour acc\u00e9l\u00e9rer la dynamique de croissance de l\u2019\u00e9conomie nationale au cours des prochaines ann\u00e9es, cr\u00e9er davantage d\u2019opportunit\u00e9s d\u2019emploi et permettre de d\u00e9velopper l\u2019attractivit\u00e9 touristique du pays et promouvoir les valeurs universelles de paix, d\u2019unit\u00e9 et de d\u00e9veloppement durable.<\/p>\n\n\n\n<p>Par la suite, le Conseil des ministres a approuv\u00e9 six conventions internationales, dont quatre bilat\u00e9rales et deux multilat\u00e9rales, visant \u00e0 renforcer les relations de coop\u00e9ration et de partenariat liant le Maroc \u00e0 plusieurs pays fr\u00e8res et amis, et \u00e0 conforter son positionnement aux niveaux continental et international.<\/p>\n\n\n\n<p>Les conventions bilat\u00e9rales concernent le d\u00e9veloppement de la coop\u00e9ration avec nombre de pays europ\u00e9ens amis et portent sur la reconnaissance mutuelle des permis de conduire, les domaines de coop\u00e9ration p\u00e9nale et l\u2019am\u00e9lioration de l\u2019efficacit\u00e9 en mati\u00e8re de lutte contre la criminalit\u00e9 transfrontali\u00e8re, ainsi que sur la coop\u00e9ration militaire et technique.<\/p>\n\n\n\n<p>Les deux conventions multilat\u00e9rales portent sur les infractions et certains autres actes survenant \u00e0 bord des a\u00e9ronefs, ainsi que sur la Charte portant cr\u00e9ation de l\u2019Organisation de la coop\u00e9ration num\u00e9rique.<\/p>\n\n\n\n<p>Conform\u00e9ment aux dispositions de l\u2019Article 49 de la Constitution et sur proposition du Chef du gouvernement, et \u00e0 l\u2019initiative de la ministre de la Transition \u00e9nerg\u00e9tique et du d\u00e9veloppement durable, Sa Majest\u00e9 le Roi, que Dieu Le glorifie, a bien voulu nommer Monsieur Zouhair Chorfi, Pr\u00e9sident de l\u2019Autorit\u00e9 Nationale de R\u00e9gulation de l\u2019Electricit\u00e9.<\/p>\n\n\n\n<p>A cet \u00e9gard, Sa Majest\u00e9 le Roi a donn\u00e9 Ses Hautes Orientations en vue de se pencher sur une refonte de cette instance en vue de sa transformation en une Autorit\u00e9 nationale de r\u00e9gulation du secteur de l\u2019\u00e9nergie, \u00e0 travers la r\u00e9vision de la loi y aff\u00e9rente, l\u2019\u00e9largissement de ses attributions pour englober, outre l\u2019\u00e9lectricit\u00e9, toutes les composantes du secteur de l\u2019\u00e9nergie, \u00e0 savoir le gaz naturel, les \u00e9nergies nouvelles telles que l\u2019hydrog\u00e8ne et ses d\u00e9riv\u00e9s, ainsi que les domaines de production, de stockage, de transport et de distribution, afin d\u2019\u00eatre en phase avec le niveau de maturit\u00e9 que le secteur de l\u2019\u00e9nergie a atteint dans notre pays, et en conformit\u00e9 avec les meilleures pratiques internationales dans ce domaine.<\/p>\n","protected":false},"excerpt":{"rendered":"<p>S.M. le Roi Mohammed VI a pr\u00e9sid\u00e9 hier, mercredi 4 d\u00e9cembre, au Palais Royal \u00e0 Rabat, un Conseil des Ministres, indique un communiqu\u00e9 du Porte-Parole du Palais Royal. En voici la traduction&nbsp;: \u00abSa Majest\u00e9 le Roi Mohammed VI, que Dieu L\u2019assiste, a pr\u00e9sid\u00e9, ce mercredi 04 d\u00e9cembre 2024, correspondant au 2 Joumada II 1446 H, &hellip;<\/p>\n","protected":false},"author":9,"featured_media":31710,"comment_status":"open","ping_status":"closed","sticky":false,"template":"","format":"standard","meta":{"footnotes":""},"categories":[291],"tags":[],"class_list":["post-31709","post","type-post","status-publish","format-standard","has-post-thumbnail","hentry","category-activites-royales"],"_links":{"self":[{"href":"https:\/\/letempsmag.ma\/index.php?rest_route=\/wp\/v2\/posts\/31709","targetHints":{"allow":["GET"]}}],"collection":[{"href":"https:\/\/letempsmag.ma\/index.php?rest_route=\/wp\/v2\/posts"}],"about":[{"href":"https:\/\/letempsmag.ma\/index.php?rest_route=\/wp\/v2\/types\/post"}],"author":[{"embeddable":true,"href":"https:\/\/letempsmag.ma\/index.php?rest_route=\/wp\/v2\/users\/9"}],"replies":[{"embeddable":true,"href":"https:\/\/letempsmag.ma\/index.php?rest_route=%2Fwp%2Fv2%2Fcomments&post=31709"}],"version-history":[{"count":1,"href":"https:\/\/letempsmag.ma\/index.php?rest_route=\/wp\/v2\/posts\/31709\/revisions"}],"predecessor-version":[{"id":31711,"href":"https:\/\/letempsmag.ma\/index.php?rest_route=\/wp\/v2\/posts\/31709\/revisions\/31711"}],"wp:featuredmedia":[{"embeddable":true,"href":"https:\/\/letempsmag.ma\/index.php?rest_route=\/wp\/v2\/media\/31710"}],"wp:attachment":[{"href":"https:\/\/letempsmag.ma\/index.php?rest_route=%2Fwp%2Fv2%2Fmedia&parent=31709"}],"wp:term":[{"taxonomy":"category","embeddable":true,"href":"https:\/\/letempsmag.ma\/index.php?rest_route=%2Fwp%2Fv2%2Fcategories&post=31709"},{"taxonomy":"post_tag","embeddable":true,"href":"https:\/\/letempsmag.ma\/index.php?rest_route=%2Fwp%2Fv2%2Ftags&post=31709"}],"curies":[{"name":"wp","href":"https:\/\/api.w.org\/{rel}","templated":true}]}}