{"id":3168,"date":"2021-05-19T09:27:06","date_gmt":"2021-05-19T09:27:06","guid":{"rendered":"https:\/\/letempsmag.ma\/?p=3168"},"modified":"2021-05-19T09:27:07","modified_gmt":"2021-05-19T09:27:07","slug":"un-tsunami-migratoire-deferle-sur-le-preside-occupe-de-sebta","status":"publish","type":"post","link":"https:\/\/letempsmag.ma\/?p=3168","title":{"rendered":"Un tsunami migratoire d\u00e9ferle sur le pr\u00e9side occup\u00e9 de Sebta"},"content":{"rendered":"\n<p>Quelques 6.000 Marocains ont travers\u00e9, lundi dernier, \u00e0 la nage ou \u00e0 pied (lorsque la mar\u00e9e le permettait) les encablures s\u00e9parant Fnideq de l\u2019enclave occup\u00e9e de Sebta. Parmi eux, 1.500 mineurs, des femmes, des familles enti\u00e8res, des enfants non accompagn\u00e9s et m\u00eame des personnes \u00e2g\u00e9es. Les autorit\u00e9s espagnoles ont proc\u00e9d\u00e9 hier \u00e0 l\u2019expulsion d\u2019autant de migrants de Sebta vers le Maroc, en dehors des mineurs qui ne peuvent \u00eatre assujettis \u00e0 cette mesure. Cet incident sans pr\u00e9c\u00e9dent dans l\u2019histoire migratoire du Maroc a fait des \u00e9mules puisque 86 migrants ont r\u00e9ussi \u00e0 entrer au pr\u00e9side occup\u00e9 de Melilia. Hier, des milliers de candidats \u00e0 l\u2019immigration clandestine ont fait leurs baluchons pour essayer de regagner Fnideq dans l\u2019espoir de \u00abbr\u00fbler\u00bb les fronti\u00e8res.<\/p>\n\n\n\n<p>Dans une r\u00e9action post\u00e9e sur Facebook, Mostafa Ramid, Ministre d\u2019\u00c9tat charg\u00e9 des Droits de l\u2019Homme et des Relations avec le Parlement, a affirm\u00e9 que \u00abl\u2019Espagne a l\u2019obligation de respecter les droits du Maroc dans la mesure o\u00f9 il respecte les siens\u00bb. Se montrant plus explicite, il estime que \u00abl\u2019accueil par l\u2019Espagne du chef des milices s\u00e9paratistes du Polisario, sous une fausse identit\u00e9, sans tenir compte des relations de bon voisinage qui exigent coordination et consultation, ou du moins de prendre le soin d\u2019en informer le Maroc, est un acte irresponsable et totalement inacceptable\u00bb. Le Ministre s\u2019est pos\u00e9 une s\u00e9rie d\u2019interrogations&nbsp;: \u00abqu\u2019attendait l\u2019Espagne du Maroc quand elle a h\u00e9berg\u00e9 le responsable d\u2019une bande qui a pris les armes contre lui&nbsp;?\u00bb, \u00abQu\u2019aurait perdu l\u2019Espagne si elle avait consult\u00e9 le Maroc au sujet de l\u2019accueil de cet individu&nbsp;?\u00bb, \u00abPourquoi l\u2019Espagne n\u2019a-t-elle pas annonc\u00e9 la pr\u00e9sence sur son sol de l\u2019individu en question en sa v\u00e9ritable identit\u00e9&nbsp;?\u00bb, \u00abN\u2019est-ce pas l\u00e0 une preuve de sa conscience que l\u2019acte commis est contraire aux relations de bon voisinage&nbsp;?\u00bb, \u00abEt si c\u2019\u00e9tait le Maroc qui avait commis cet acte &nbsp;?\u00bb.<\/p>\n\n\n\n<p>Le haut responsable a d\u00e9plor\u00e9 que l\u2019Espagne ait pr\u00e9f\u00e9r\u00e9 sa relation avec le mouvement s\u00e9paratiste du \u00abPolisario\u00bb et son mentor l\u2019Alg\u00e9rie \u00e0 sa relation avec le Maroc qui a tant sacrifi\u00e9 au nom du bon voisinage. Mostafa Ramid ajoute que \u00able Maroc est donc dans son plein droit de faire savoir \u00e0 l\u2019Espagne l\u2019ampleur de ses souffrances au nom de ce bon voisinage et qu\u2019il ne va pas accepter de sous-estimation, afin qu\u2019elle puisse revoir sa politique et ses relations avec son voisin et respecter ses droits comme il respecte les siens\u00bb.<\/p>\n\n\n\n<p>Selon de nombreux observateurs, l\u2019indolence des autorit\u00e9s espagnoles et leur passivit\u00e9 montrent que l\u2019ouverture des vannes migratoires est un acte de Rabat traduisant sa volont\u00e9 de protester contre les positions hostiles de l\u2019Espagne \u00e0 la cause nationale. Le but \u00e9tant de mettre Madrid sur la d\u00e9fensive dans un dossier o\u00f9 le Maroc affirme avoir respect\u00e9 ses engagements, ce qui est loin d\u2019\u00eatre le cas de l\u2019Espagne. Cela dit, les images de ce tsunami migratoire ont interpell\u00e9 une large partie de l\u2019opinion publique, qui estime que cela refl\u00e8te une d\u00e9tresse sociale des populations de la r\u00e9gion depuis la fermeture du poste fronti\u00e8re de Sebta et la fin de la contrebande vivri\u00e8re. Apr\u00e8s avoir essay\u00e9 d\u2019\u00e9touffer \u00e9conomiquement les pr\u00e9sides occup\u00e9s de Sebta et Melilia, le Maroc semble donc utiliser la carte migratoire comme outil de pression sur son voisin ib\u00e9rique. Rabat a d\u2019ailleurs rappel\u00e9 hier son Ambassadrice \u00e0 Madrid, Karima Benyaich, \u00abpour consultations\u00bb. Cela veut-il dire que l\u2019on assistera \u00e0 un remake de la crise d\u00e9j\u00e0 consomm\u00e9e avec l\u2019Allemagne&nbsp;? (Photo&nbsp;: AIC Presse).<\/p>\n\n\n\n<p><strong>A. A.<\/strong><\/p>\n","protected":false},"excerpt":{"rendered":"<p>Quelques 6.000 Marocains ont travers\u00e9, lundi dernier, \u00e0 la nage ou \u00e0 pied (lorsque la mar\u00e9e le permettait) les encablures s\u00e9parant Fnideq de l\u2019enclave occup\u00e9e de Sebta. Parmi eux, 1.500 mineurs, des femmes, des familles enti\u00e8res, des enfants non accompagn\u00e9s et m\u00eame des personnes \u00e2g\u00e9es. Les autorit\u00e9s espagnoles ont proc\u00e9d\u00e9 hier \u00e0 l\u2019expulsion d\u2019autant de &hellip;<\/p>\n","protected":false},"author":9,"featured_media":3169,"comment_status":"open","ping_status":"closed","sticky":false,"template":"","format":"standard","meta":{"footnotes":""},"categories":[230],"tags":[],"class_list":["post-3168","post","type-post","status-publish","format-standard","has-post-thumbnail","hentry","category-maroc-espagne"],"_links":{"self":[{"href":"https:\/\/letempsmag.ma\/index.php?rest_route=\/wp\/v2\/posts\/3168","targetHints":{"allow":["GET"]}}],"collection":[{"href":"https:\/\/letempsmag.ma\/index.php?rest_route=\/wp\/v2\/posts"}],"about":[{"href":"https:\/\/letempsmag.ma\/index.php?rest_route=\/wp\/v2\/types\/post"}],"author":[{"embeddable":true,"href":"https:\/\/letempsmag.ma\/index.php?rest_route=\/wp\/v2\/users\/9"}],"replies":[{"embeddable":true,"href":"https:\/\/letempsmag.ma\/index.php?rest_route=%2Fwp%2Fv2%2Fcomments&post=3168"}],"version-history":[{"count":1,"href":"https:\/\/letempsmag.ma\/index.php?rest_route=\/wp\/v2\/posts\/3168\/revisions"}],"predecessor-version":[{"id":3170,"href":"https:\/\/letempsmag.ma\/index.php?rest_route=\/wp\/v2\/posts\/3168\/revisions\/3170"}],"wp:featuredmedia":[{"embeddable":true,"href":"https:\/\/letempsmag.ma\/index.php?rest_route=\/wp\/v2\/media\/3169"}],"wp:attachment":[{"href":"https:\/\/letempsmag.ma\/index.php?rest_route=%2Fwp%2Fv2%2Fmedia&parent=3168"}],"wp:term":[{"taxonomy":"category","embeddable":true,"href":"https:\/\/letempsmag.ma\/index.php?rest_route=%2Fwp%2Fv2%2Fcategories&post=3168"},{"taxonomy":"post_tag","embeddable":true,"href":"https:\/\/letempsmag.ma\/index.php?rest_route=%2Fwp%2Fv2%2Ftags&post=3168"}],"curies":[{"name":"wp","href":"https:\/\/api.w.org\/{rel}","templated":true}]}}