{"id":31618,"date":"2024-11-29T13:12:01","date_gmt":"2024-11-29T12:12:01","guid":{"rendered":"https:\/\/letempsmag.ma\/?p=31618"},"modified":"2024-11-29T13:12:02","modified_gmt":"2024-11-29T12:12:02","slug":"les-assises-nationales-de-la-sante-se-tiennent-aujourdhui-a-agadir","status":"publish","type":"post","link":"https:\/\/letempsmag.ma\/?p=31618","title":{"rendered":"Les Assises Nationales de la Sant\u00e9 se tiennent aujourd\u2019hui \u00e0 Agadir"},"content":{"rendered":"\n<p>Ce vendredi 29 novembre, l&#8217;Association Nationale des Cliniques Priv\u00e9es (ANCP) inaugure la 9<sup>\u00e8me<\/sup> \u00e9dition des Assises Nationales de la Sant\u00e9 \u00e0 Agadir. Ce premier jour de l&#8217;\u00e9v\u00e9nement r\u00e9unit des experts et des sp\u00e9cialistes des secteurs de la sant\u00e9 et de la digitalisation. L&#8217;\u00e9dition 2024 mettra l&#8217;accent sur les enjeux actuels du secteur, tout en analysant les \u00e9volutions r\u00e9centes de la r\u00e9forme du syst\u00e8me de sant\u00e9 et ses impacts sur les citoyens, les soins et l&#8217;avenir des cliniques priv\u00e9es au Maroc.<\/p>\n\n\n\n<p>Un programme riche a \u00e9t\u00e9 \u00e9tabli pour cette \u00e9dition, fid\u00e8le \u00e0 la tradition annuelle de l&#8217;ANCP. Demain samedi, \u00e0 partir de 9h, des tables rondes seront organis\u00e9es autour de diff\u00e9rents sujets, dont une conf\u00e9rence anim\u00e9e par le Pr Redouane Samlali sur le th\u00e8me \u00abL&#8217;Association nationale des cliniques priv\u00e9es et la r\u00e9forme du syst\u00e8me de sant\u00e9&nbsp;: vision et enjeux\u00bb. Cette table ronde sera mod\u00e9r\u00e9e et enrichie par la participation d&#8217;acteurs cl\u00e9s du secteur de la sant\u00e9.<\/p>\n\n\n\n<p>Parmi les autres moments forts, une session sera d\u00e9di\u00e9e \u00e0 la \u00abE-Sant\u00e9&nbsp;: \u00e9tat des lieux de la digitalisation\u00bb. Partage des donn\u00e9es des patients dans le domaine de la sant\u00e9\u00bb, anim\u00e9e par l\u2019ancien Ministre de la Sant\u00e9, Anas Doukkali. Elle explorera les moyens de r\u00e9ussir ce projet tout en garantissant la protection des donn\u00e9es personnelles. D&#8217;autres th\u00e9matiques, telles que l\u2019impact de la feuille de soins \u00e9lectronique de la CNSS sur les initiatives sur les projets de la digitalisation, ainsi que les apports de l\u2019intelligence artificielle \u00e0 l\u2019am\u00e9lioration de la sant\u00e9 publique gr\u00e2ce \u00e0 des services efficaces et innovants, seront \u00e9galement abord\u00e9es.<\/p>\n\n\n\n<p>Le programme comprendra aussi des pr\u00e9sentations telles que \u00abManagement des risques: approche strat\u00e9gie\u00bb, \u00abIncitation \u00e0 l&#8217;investissement dans l&#8217;hospitalisation priv\u00e9e\u00bb, ainsi que des discussions autour du financement de la sant\u00e9, du Pacte d\u2019investissement appliqu\u00e9 au secteur priv\u00e9, de la responsabilit\u00e9 \u00e9conomique et sociale des \u00e9tablissements de sant\u00e9, entre autres sujets actuels.<\/p>\n\n\n\n<p>Pr\u00e9cisons que cette \u00e9dition 2024 des Assises Nationales de la Sant\u00e9 se tient sous le th\u00e8me \u00abVers une transformation de la gouvernance de l&#8217;hospitalisation priv\u00e9\u00bb. L\u2019\u00e9v\u00e9nement est une occasion unique pour les acteurs du domaine, y compris les m\u00e9dias, de participer et de couvrir cet \u00e9v\u00e9nement. Il permettra \u00e9galement \u00e0 l&#8217;ANCP de r\u00e9affirmer son engagement en faveur de la r\u00e9ussite du chantier royal ambitieux de la protection sociale, notamment dans son volet sur la g\u00e9n\u00e9ralisation de la couverture m\u00e9dicale.<\/p>\n","protected":false},"excerpt":{"rendered":"<p>Ce vendredi 29 novembre, l&#8217;Association Nationale des Cliniques Priv\u00e9es (ANCP) inaugure la 9\u00e8me \u00e9dition des Assises Nationales de la Sant\u00e9 \u00e0 Agadir. Ce premier jour de l&#8217;\u00e9v\u00e9nement r\u00e9unit des experts et des sp\u00e9cialistes des secteurs de la sant\u00e9 et de la digitalisation. L&#8217;\u00e9dition 2024 mettra l&#8217;accent sur les enjeux actuels du secteur, tout en analysant &hellip;<\/p>\n","protected":false},"author":9,"featured_media":31619,"comment_status":"open","ping_status":"closed","sticky":false,"template":"","format":"standard","meta":{"footnotes":""},"categories":[492],"tags":[],"class_list":["post-31618","post","type-post","status-publish","format-standard","has-post-thumbnail","hentry","category-forum"],"_links":{"self":[{"href":"https:\/\/letempsmag.ma\/index.php?rest_route=\/wp\/v2\/posts\/31618","targetHints":{"allow":["GET"]}}],"collection":[{"href":"https:\/\/letempsmag.ma\/index.php?rest_route=\/wp\/v2\/posts"}],"about":[{"href":"https:\/\/letempsmag.ma\/index.php?rest_route=\/wp\/v2\/types\/post"}],"author":[{"embeddable":true,"href":"https:\/\/letempsmag.ma\/index.php?rest_route=\/wp\/v2\/users\/9"}],"replies":[{"embeddable":true,"href":"https:\/\/letempsmag.ma\/index.php?rest_route=%2Fwp%2Fv2%2Fcomments&post=31618"}],"version-history":[{"count":1,"href":"https:\/\/letempsmag.ma\/index.php?rest_route=\/wp\/v2\/posts\/31618\/revisions"}],"predecessor-version":[{"id":31620,"href":"https:\/\/letempsmag.ma\/index.php?rest_route=\/wp\/v2\/posts\/31618\/revisions\/31620"}],"wp:featuredmedia":[{"embeddable":true,"href":"https:\/\/letempsmag.ma\/index.php?rest_route=\/wp\/v2\/media\/31619"}],"wp:attachment":[{"href":"https:\/\/letempsmag.ma\/index.php?rest_route=%2Fwp%2Fv2%2Fmedia&parent=31618"}],"wp:term":[{"taxonomy":"category","embeddable":true,"href":"https:\/\/letempsmag.ma\/index.php?rest_route=%2Fwp%2Fv2%2Fcategories&post=31618"},{"taxonomy":"post_tag","embeddable":true,"href":"https:\/\/letempsmag.ma\/index.php?rest_route=%2Fwp%2Fv2%2Ftags&post=31618"}],"curies":[{"name":"wp","href":"https:\/\/api.w.org\/{rel}","templated":true}]}}