{"id":31595,"date":"2024-11-27T12:54:50","date_gmt":"2024-11-27T11:54:50","guid":{"rendered":"https:\/\/letempsmag.ma\/?p=31595"},"modified":"2024-11-27T12:54:50","modified_gmt":"2024-11-27T11:54:50","slug":"le-marocain-saad-abid-couronne-par-un-social-impact-award-au-nigeria","status":"publish","type":"post","link":"https:\/\/letempsmag.ma\/?p=31595","title":{"rendered":"Le Marocain Saad Abid couronn\u00e9 par un \u00abSocial Impact Award\u00bb au Nigeria"},"content":{"rendered":"\n<p>Saad Abid, \u00e9cologiste marocain mondialement reconnu et conf\u00e9rencier \u00e9m\u00e9rite, a \u00e9t\u00e9 honor\u00e9 par le prestigieux \u00abSocial Impact Award\u00bb lors du Global Entrepreneurship Festival (GEF).Ce Prix c\u00e9l\u00e8bre les contributions remarquables du militant marocain de la d\u00e9fense de l\u2019environnement, de l\u2019implication des jeunes et de l\u2019innovation sociale dans le domaine de la protection du cadre de vie naturel.<\/p>\n\n\n\n<p>Le festival GEF, organis\u00e9 du 22 au 24 novembre courant au Village de l\u2019Entrepreneuriat \u00e0 Akure, Nigeria, a r\u00e9uni plus de 20 millions de spectateurs virtuels, 5.000 participants sur place et de nombreux dignitaires internationaux, dont le Pr\u00e9sident du Nig\u00e9ria, Bola Ahmed Tinubu, des gouverneurs et des leaders d\u2019opinion de renom. Le Prix a mis en lumi\u00e8re le d\u00e9vouement de Saad Abid depuis plus de 14 ans \u00e0 g\u00e9n\u00e9rer un impact concret aupr\u00e8s des communaut\u00e9s de jeunes.<\/p>\n\n\n\n<p>Cette distinction s\u2019ajoute \u00e0 une autre reconnaissance majeure re\u00e7ue plus t\u00f4t cette ann\u00e9e \u00e0 La Haye, aux Pays-Bas, lors de l\u2019\u00abOcean Love Innovation Awards\u00bb o\u00f9 son projet innovant \u00abChbyka\u00bb a \u00e9t\u00e9 salu\u00e9 pour sa contribution \u00e0 la conservation de l\u2019\u00e9cosyst\u00e8me marin.<\/p>\n\n\n\n<p>Gr\u00e2ce \u00e0 son association \u00abBahri\u00bb, Saad Abid a men\u00e9 des initiatives novatrices comme le nettoyage des plages, des programmes de collecte de d\u00e9chets et valorisation des chiffonniers et des projets \u00e9ducatifs pour les jeunes, touchant des milliers de personnes et \u00e9tablissant une r\u00e9f\u00e9rence en mati\u00e8re de protection environnementale mondiale.<\/p>\n\n\n\n<p>Saad Abid a d\u00e9clar\u00e9&nbsp;: \u00abCet honneur n\u2019est pas seulement le mien. Il appartient \u00e0 tous ceux qui croient en la puissance de l\u2019engagement et du changement positif. Cette seconde reconnaissance internationale en 2024 alimente ma d\u00e9termination \u00e0 continuer de briser les barri\u00e8res, d\u2019inspirer l\u2019action et de travailler pour un avenir durable au Maroc et en Afrique\u00bb.<\/p>\n","protected":false},"excerpt":{"rendered":"<p>Saad Abid, \u00e9cologiste marocain mondialement reconnu et conf\u00e9rencier \u00e9m\u00e9rite, a \u00e9t\u00e9 honor\u00e9 par le prestigieux \u00abSocial Impact Award\u00bb lors du Global Entrepreneurship Festival (GEF).Ce Prix c\u00e9l\u00e8bre les contributions remarquables du militant marocain de la d\u00e9fense de l\u2019environnement, de l\u2019implication des jeunes et de l\u2019innovation sociale dans le domaine de la protection du cadre de vie &hellip;<\/p>\n","protected":false},"author":9,"featured_media":31596,"comment_status":"open","ping_status":"closed","sticky":false,"template":"","format":"standard","meta":{"footnotes":""},"categories":[570],"tags":[],"class_list":["post-31595","post","type-post","status-publish","format-standard","has-post-thumbnail","hentry","category-evironnement"],"_links":{"self":[{"href":"https:\/\/letempsmag.ma\/index.php?rest_route=\/wp\/v2\/posts\/31595","targetHints":{"allow":["GET"]}}],"collection":[{"href":"https:\/\/letempsmag.ma\/index.php?rest_route=\/wp\/v2\/posts"}],"about":[{"href":"https:\/\/letempsmag.ma\/index.php?rest_route=\/wp\/v2\/types\/post"}],"author":[{"embeddable":true,"href":"https:\/\/letempsmag.ma\/index.php?rest_route=\/wp\/v2\/users\/9"}],"replies":[{"embeddable":true,"href":"https:\/\/letempsmag.ma\/index.php?rest_route=%2Fwp%2Fv2%2Fcomments&post=31595"}],"version-history":[{"count":1,"href":"https:\/\/letempsmag.ma\/index.php?rest_route=\/wp\/v2\/posts\/31595\/revisions"}],"predecessor-version":[{"id":31597,"href":"https:\/\/letempsmag.ma\/index.php?rest_route=\/wp\/v2\/posts\/31595\/revisions\/31597"}],"wp:featuredmedia":[{"embeddable":true,"href":"https:\/\/letempsmag.ma\/index.php?rest_route=\/wp\/v2\/media\/31596"}],"wp:attachment":[{"href":"https:\/\/letempsmag.ma\/index.php?rest_route=%2Fwp%2Fv2%2Fmedia&parent=31595"}],"wp:term":[{"taxonomy":"category","embeddable":true,"href":"https:\/\/letempsmag.ma\/index.php?rest_route=%2Fwp%2Fv2%2Fcategories&post=31595"},{"taxonomy":"post_tag","embeddable":true,"href":"https:\/\/letempsmag.ma\/index.php?rest_route=%2Fwp%2Fv2%2Ftags&post=31595"}],"curies":[{"name":"wp","href":"https:\/\/api.w.org\/{rel}","templated":true}]}}