{"id":3139,"date":"2021-05-18T09:31:10","date_gmt":"2021-05-18T09:31:10","guid":{"rendered":"https:\/\/letempsmag.ma\/?p=3139"},"modified":"2021-05-18T09:31:11","modified_gmt":"2021-05-18T09:31:11","slug":"o-capital-group-un-nouveau-geant-emerge-dans-la-finance-marocaine","status":"publish","type":"post","link":"https:\/\/letempsmag.ma\/?p=3139","title":{"rendered":"O Capital Group, un nouveau g\u00e9ant \u00e9merge dans la finance marocaine"},"content":{"rendered":"\n<p>Fruit d\u2019une fusion par absorption de FinanceCom par Holding Benjelloun Meziane, O Capital Group vient d\u2019\u00e9merger comme nouveau g\u00e9ant de l\u2019\u00e9conomie au Maroc. Fond\u00e9 et coiff\u00e9 par Othman Benjelloun, PDG de Bank Of Africa, c\u2019est un nouvel acteur financier qui se positionne d\u00e9sormais sur la place. La fusion vise \u00e0 r\u00e9unir les deux holdings en une seule institution et \u00e0 simplifier leur structuration. Selon un communiqu\u00e9 d\u2019O Capital Groupe, \u00abla fusion, visant \u00e0 simplifier la structure des soci\u00e9t\u00e9s holdings et \u00e0 regrouper les participations sous une seule entit\u00e9, s\u2019accompagne aussi d\u2019une volont\u00e9 d\u2019initier une nouvelle phase de son histoire sous une nouvelle marque inspirante et porteuse de valeurs\u00bb. Ce changement, pr\u00e9cise la m\u00eame source, intervient apr\u00e8s deux d\u00e9cennies de r\u00e9alisations marquantes sous le nom FinanceCom, au cours desquelles le groupe a accompagn\u00e9 le d\u00e9veloppement \u00e9conomique et social du pays, ainsi que son essor \u00e0 l\u2019\u00e9chelle continentale et internationale. \u00abNotre groupe s\u2019est, en effet, fortement investi dans les m\u00e9tiers de la banque avec Bank Of Africa, de l\u2019assurance avec Royale Marocaine d\u2019Assurance, des t\u00e9l\u00e9coms avec Medi Telecom Orange et d\u2019ouvrages de prestige \u00e0 l\u2019image du projet embl\u00e9matique de la Tour Mohammed VI\u00bb, souligne le communiqu\u00e9.<\/p>\n\n\n\n<p>\u00c0 travers cette action, le groupe, qui consid\u00e8re que \u00abl\u2019humain est la premi\u00e8re richesse\u00bb, entend ainsi anticiper les mutations d\u2019un monde en mouvement pour se projeter vers le futur et investir de nouveaux m\u00e9tiers strat\u00e9giques. \u00abL\u2019insigne O du logo est inspir\u00e9 par l\u2019initiale du fondateur ainsi que par la symbolique de l\u2019\u00abEnso\u00bb, signe issu des cultures chinoise et japonaise. Le cercle ouvert \u00e9voque le caract\u00e8re infini du temps et de l\u2019espace. Il rappelle la forme du monde et du cosmos, tandis que son trac\u00e9 calligraphique introduit une notion de mouvement et de cr\u00e9ativit\u00e9. Celle-ci est contrebalanc\u00e9e par la rectitude de son socle horizontal, \u00e9voquant rigueur et solidit\u00e9 d\u2019un groupe p\u00e9renne\u00bb, explique le communiqu\u00e9. O Capital Group s\u2019est dot\u00e9 d\u2019un capital d\u2019un milliard de DH.<\/p>\n\n\n\n<p><strong>A. A.<\/strong><\/p>\n","protected":false},"excerpt":{"rendered":"<p>Fruit d\u2019une fusion par absorption de FinanceCom par Holding Benjelloun Meziane, O Capital Group vient d\u2019\u00e9merger comme nouveau g\u00e9ant de l\u2019\u00e9conomie au Maroc. Fond\u00e9 et coiff\u00e9 par Othman Benjelloun, PDG de Bank Of Africa, c\u2019est un nouvel acteur financier qui se positionne d\u00e9sormais sur la place. La fusion vise \u00e0 r\u00e9unir les deux holdings en &hellip;<\/p>\n","protected":false},"author":9,"featured_media":3140,"comment_status":"open","ping_status":"closed","sticky":false,"template":"","format":"standard","meta":{"footnotes":""},"categories":[57],"tags":[],"class_list":["post-3139","post","type-post","status-publish","format-standard","has-post-thumbnail","hentry","category-strategie"],"_links":{"self":[{"href":"https:\/\/letempsmag.ma\/index.php?rest_route=\/wp\/v2\/posts\/3139","targetHints":{"allow":["GET"]}}],"collection":[{"href":"https:\/\/letempsmag.ma\/index.php?rest_route=\/wp\/v2\/posts"}],"about":[{"href":"https:\/\/letempsmag.ma\/index.php?rest_route=\/wp\/v2\/types\/post"}],"author":[{"embeddable":true,"href":"https:\/\/letempsmag.ma\/index.php?rest_route=\/wp\/v2\/users\/9"}],"replies":[{"embeddable":true,"href":"https:\/\/letempsmag.ma\/index.php?rest_route=%2Fwp%2Fv2%2Fcomments&post=3139"}],"version-history":[{"count":1,"href":"https:\/\/letempsmag.ma\/index.php?rest_route=\/wp\/v2\/posts\/3139\/revisions"}],"predecessor-version":[{"id":3141,"href":"https:\/\/letempsmag.ma\/index.php?rest_route=\/wp\/v2\/posts\/3139\/revisions\/3141"}],"wp:featuredmedia":[{"embeddable":true,"href":"https:\/\/letempsmag.ma\/index.php?rest_route=\/wp\/v2\/media\/3140"}],"wp:attachment":[{"href":"https:\/\/letempsmag.ma\/index.php?rest_route=%2Fwp%2Fv2%2Fmedia&parent=3139"}],"wp:term":[{"taxonomy":"category","embeddable":true,"href":"https:\/\/letempsmag.ma\/index.php?rest_route=%2Fwp%2Fv2%2Fcategories&post=3139"},{"taxonomy":"post_tag","embeddable":true,"href":"https:\/\/letempsmag.ma\/index.php?rest_route=%2Fwp%2Fv2%2Ftags&post=3139"}],"curies":[{"name":"wp","href":"https:\/\/api.w.org\/{rel}","templated":true}]}}