{"id":31357,"date":"2024-10-10T06:13:00","date_gmt":"2024-10-10T05:13:00","guid":{"rendered":"https:\/\/letempsmag.ma\/?p=31357"},"modified":"2024-11-26T06:14:47","modified_gmt":"2024-11-26T05:14:47","slug":"la-france-rappelle-son-engagement-pour-lhydrogene-vert-au-world-power-to-x-summit-de-marrakech","status":"publish","type":"post","link":"https:\/\/letempsmag.ma\/?p=31357","title":{"rendered":"La France rappelle son engagement pour l&#8217;hydrog\u00e8ne vert au World Power-to-X Summit de Marrakech"},"content":{"rendered":"\n<p>La France s\u2019est positionn\u00e9e en leader dans le domaine de l&#8217;hydrog\u00e8ne vert et des \u00e9nergies renouvelables lors du r\u00e9cent World Power-to-X Summit, qui s\u2019est tenu les 8 et 9 octobre \u00e0 Marrakech. L\u2019\u00e9v\u00e9nement, auquel la Chambre Fran\u00e7aise de Commerce et d\u2019Industrie du Maroc (CFCIM) a pris part activement, a mis en avant l&#8217;importance de la transition \u00e9nerg\u00e9tique mondiale et le r\u00f4le-cl\u00e9 des entreprises fran\u00e7aises.<\/p>\n\n\n\n<p><strong><em>Une strat\u00e9gie ambitieuse pour l&#8217;hydrog\u00e8ne<\/em><\/strong><\/p>\n\n\n\n<p>Depuis 2017, l&#8217;hydrog\u00e8ne vert est devenu une priorit\u00e9 pour la France. Le pays se distingue par son innovation, se classant parmi les leaders mondiaux en mati\u00e8re de recherche, d\u00e9veloppement et brevets dans ce secteur. Avec une consommation annuelle de 900.000 tonnes, l&#8217;industrie fran\u00e7aise est le principal utilisateur d&#8217;hydrog\u00e8ne du pays. En 2018, la France a lanc\u00e9 un premier plan hydrog\u00e8ne, suivi en 2020 par une strat\u00e9gie nationale ambitieuse int\u00e9gr\u00e9e dans le programme France 2030, avec un investissement de 7 milliards d\u2019euros pour accompagner cette transition.<\/p>\n\n\n\n<p>Les objectifs de l\u2019Hexagone d&#8217;ici \u00e0 2030 sont clairs&nbsp;: produire de l\u2019hydrog\u00e8ne \u00e0 grande \u00e9chelle, d\u00e9velopper une mobilit\u00e9 lourde aliment\u00e9e par de l\u2019hydrog\u00e8ne d\u00e9carbon\u00e9 et \u00e9tablir une fili\u00e8re comp\u00e9titive au niveau mondial. Ce plan vise \u00e0 installer 6,5 GW d\u2019\u00e9lectrolyseurs et \u00e0 \u00e9viter l\u2019\u00e9mission de 6 millions de tonnes de CO2, tout en soutenant les industries \u00e0 forte \u00e9mission de carbone telles que la sid\u00e9rurgie et la chimie.<\/p>\n\n\n\n<p><strong><em>Un espace France riche en innovations<\/em><\/strong><\/p>\n\n\n\n<p>L&#8217;espace France au r\u00e9cent Sommet de Marrakech a r\u00e9uni des acteurs majeurs de la transition \u00e9nerg\u00e9tique, notamment EDF Renouvelables, Engie, Total Energies H2, et d&#8217;autres entreprises pionni\u00e8res. Ces participants visaient \u00e0 partager leurs expertises et innovations pour favoriser le d\u00e9veloppement de l&#8217;hydrog\u00e8ne vert.&nbsp;<\/p>\n\n\n\n<p>Chacune des entreprises pr\u00e9sentes a jou\u00e9 un r\u00f4le cl\u00e9 dans la d\u00e9carbonation. Par exemple, EDF s&#8217;illustre dans les \u00e9nergies renouvelables, tandis que Hydrog\u00e8ne de France se sp\u00e9cialise dans les infrastructures hydrog\u00e8ne. De son c\u00f4t\u00e9, Total Energies H2 se concentre sur des projets d\u2019hydrog\u00e8ne vert \u00e0 grande \u00e9chelle, combinant expertise technique et impact global.<\/p>\n\n\n\n<p><strong><em>La coop\u00e9ration France-Maroc<\/em><\/strong><\/p>\n\n\n\n<p>Le Maroc, riche en ressources naturelles et engag\u00e9 dans une transition \u00e9nerg\u00e9tique, se positionne comme un partenaire strat\u00e9gique pour la France. La r\u00e9gion de Guelmim Oued Noun, avec son potentiel en \u00e9nergies renouvelables, illustre les ambitions communes des deux pays. Cette coop\u00e9ration bilat\u00e9rale ouvre la voie \u00e0 des opportunit\u00e9s \u00e9conomiques tout en luttant contre le changement climatique.<\/p>\n\n\n\n<p>La participation fran\u00e7aise au World Power-to-X Summit symbolise non seulement un engagement fort envers une transition \u00e9nerg\u00e9tique durable, mais aussi la solidit\u00e9 des relations \u00e9conomiques entre la France et le Maroc, tourn\u00e9es vers un avenir plus vert.<\/p>\n","protected":false},"excerpt":{"rendered":"<p>La France s\u2019est positionn\u00e9e en leader dans le domaine de l&#8217;hydrog\u00e8ne vert et des \u00e9nergies renouvelables lors du r\u00e9cent World Power-to-X Summit, qui s\u2019est tenu les 8 et 9 octobre \u00e0 Marrakech. L\u2019\u00e9v\u00e9nement, auquel la Chambre Fran\u00e7aise de Commerce et d\u2019Industrie du Maroc (CFCIM) a pris part activement, a mis en avant l&#8217;importance de la &hellip;<\/p>\n","protected":false},"author":9,"featured_media":31358,"comment_status":"open","ping_status":"closed","sticky":false,"template":"","format":"standard","meta":{"footnotes":""},"categories":[1399],"tags":[],"class_list":["post-31357","post","type-post","status-publish","format-standard","has-post-thumbnail","hentry","category-energies-vertes-2"],"_links":{"self":[{"href":"https:\/\/letempsmag.ma\/index.php?rest_route=\/wp\/v2\/posts\/31357","targetHints":{"allow":["GET"]}}],"collection":[{"href":"https:\/\/letempsmag.ma\/index.php?rest_route=\/wp\/v2\/posts"}],"about":[{"href":"https:\/\/letempsmag.ma\/index.php?rest_route=\/wp\/v2\/types\/post"}],"author":[{"embeddable":true,"href":"https:\/\/letempsmag.ma\/index.php?rest_route=\/wp\/v2\/users\/9"}],"replies":[{"embeddable":true,"href":"https:\/\/letempsmag.ma\/index.php?rest_route=%2Fwp%2Fv2%2Fcomments&post=31357"}],"version-history":[{"count":1,"href":"https:\/\/letempsmag.ma\/index.php?rest_route=\/wp\/v2\/posts\/31357\/revisions"}],"predecessor-version":[{"id":31359,"href":"https:\/\/letempsmag.ma\/index.php?rest_route=\/wp\/v2\/posts\/31357\/revisions\/31359"}],"wp:featuredmedia":[{"embeddable":true,"href":"https:\/\/letempsmag.ma\/index.php?rest_route=\/wp\/v2\/media\/31358"}],"wp:attachment":[{"href":"https:\/\/letempsmag.ma\/index.php?rest_route=%2Fwp%2Fv2%2Fmedia&parent=31357"}],"wp:term":[{"taxonomy":"category","embeddable":true,"href":"https:\/\/letempsmag.ma\/index.php?rest_route=%2Fwp%2Fv2%2Fcategories&post=31357"},{"taxonomy":"post_tag","embeddable":true,"href":"https:\/\/letempsmag.ma\/index.php?rest_route=%2Fwp%2Fv2%2Ftags&post=31357"}],"curies":[{"name":"wp","href":"https:\/\/api.w.org\/{rel}","templated":true}]}}