{"id":31351,"date":"2024-10-10T06:09:00","date_gmt":"2024-10-10T05:09:00","guid":{"rendered":"https:\/\/letempsmag.ma\/?p=31351"},"modified":"2024-11-26T06:12:38","modified_gmt":"2024-11-26T05:12:38","slug":"la-fondation-abdelkader-bensalah-revele-les-nomines-aux-moroccan-social-innovation-awards","status":"publish","type":"post","link":"https:\/\/letempsmag.ma\/?p=31351","title":{"rendered":"La Fondation Abdelkader Bensalah r\u00e9v\u00e8le les nomin\u00e9s aux \u00abMoroccan Social Innovation Awards\u00bb"},"content":{"rendered":"\n<p>Les \u00abMoroccan Social Innovation Awards\u00bb (MSIA) viennent de d\u00e9voiler une s\u00e9lection de 17 projets innovants, promettant un impact positif sur des enjeux sociaux, soci\u00e9taux et environnementaux. Ces prix visent \u00e0 encourager les initiatives socialement innovantes et \u00e0 favoriser leur financement et d\u00e9veloppement. Les MSIA comprennent, en effet, un Grand Prix dans 6 cat\u00e9gories&nbsp;: \u00c9ducation, Sant\u00e9, Environnement, Culture, Digital et Inclusion.<\/p>\n\n\n\n<p>Lanc\u00e9 en 2023 par la Fondation Abdelkader Bensalah, lors de son Forum WeXchange, l\u2019\u00e9v\u00e9nement reviendra, le 17 octobre prochain, pour sa 2<sup>\u00e8me<\/sup> \u00e9dition, consolidant sa position comme une plateforme cl\u00e9 pour l\u2019\u00e9cosyst\u00e8me de l\u2019innovation sociale, afin de promouvoir et r\u00e9compenser les initiatives pertinentes.<\/p>\n\n\n\n<p>Cette \u00e9dition enregistre une forte participation avec 169 candidatures repr\u00e9sentant les 12 r\u00e9gions du Maroc, impliquant le tissu associatif, les coop\u00e9ratives, les entreprises et les auto-entrepreneurs. De plus, 24 membres ont contribu\u00e9 \u00e0 la s\u00e9lection des nomin\u00e9s, assist\u00e9s par un jury compos\u00e9 de 12 experts, le tout soutenu par 9 partenaires institutionnels.<\/p>\n\n\n\n<p>Le processus a \u00e9t\u00e9 entam\u00e9 par un appel \u00e0 candidatures, suivi de la s\u00e9lection des nomin\u00e9s par des commissions sp\u00e9cialis\u00e9es. Au final, 17 projets ont \u00e9t\u00e9 choisis pour \u00eatre pr\u00e9sent\u00e9s \u00e0 un jury qualifi\u00e9. Ces nomin\u00e9s proviennent de villes telles qu\u2019Al Hoceima, Azilal, Casablanca, Figuig, Guelmim, Ifrane, Khemissat, Marrakech, Sal\u00e9, Tanger, Taroudant, T\u00e9mara et Tinghir, repr\u00e9sentant 12 associations, 2 fondations, 2 coop\u00e9ratives et 1 auto-entrepreneur.<\/p>\n\n\n\n<p>\u00abNous sommes heureux de voir une grande mobilisation autour de cette \u00e9dition des MSIA, notamment avec 169 candidatures repr\u00e9sentants toutes les r\u00e9gions du Maroc\u00bb, d\u00e9clare Tarik Ma\u00e2roufi, Directeur G\u00e9n\u00e9ral de la Fondation Abdelkader Bensalah. \u00abNous avons 17 nomin\u00e9s avec des projets tous prometteurs, ce qui constitue en soi une r\u00e9ussite qui r\u00e9pond \u00e0 notre objectif premier \u00e0 savoir, stimuler l\u2019innovation sociale, l\u2019encourager et mobiliser tout l\u2019\u00e9cosyst\u00e8me pour la soutenir\u00bb, ajoute-t-il.<\/p>\n\n\n\n<p>Les organisateurs se r\u00e9jouissent de l\u2019engouement suscit\u00e9 par cette comp\u00e9tition \u00e0 travers le pays, les chiffres parlant d\u2019eux-m\u00eames&nbsp;: 38 candidatures dans la cat\u00e9gorie Inclusion, 37 pour l\u2019Environnement, 31 pour l\u2019\u00c9ducation, 23 pour la Culture, 22 pour la Sant\u00e9 et 18 pour la nouvelle cat\u00e9gorie Digital.<\/p>\n","protected":false},"excerpt":{"rendered":"<p>Les \u00abMoroccan Social Innovation Awards\u00bb (MSIA) viennent de d\u00e9voiler une s\u00e9lection de 17 projets innovants, promettant un impact positif sur des enjeux sociaux, soci\u00e9taux et environnementaux. Ces prix visent \u00e0 encourager les initiatives socialement innovantes et \u00e0 favoriser leur financement et d\u00e9veloppement. Les MSIA comprennent, en effet, un Grand Prix dans 6 cat\u00e9gories&nbsp;: \u00c9ducation, Sant\u00e9, &hellip;<\/p>\n","protected":false},"author":9,"featured_media":31352,"comment_status":"open","ping_status":"closed","sticky":false,"template":"","format":"standard","meta":{"footnotes":""},"categories":[422],"tags":[],"class_list":["post-31351","post","type-post","status-publish","format-standard","has-post-thumbnail","hentry","category-inclusion-sociale"],"_links":{"self":[{"href":"https:\/\/letempsmag.ma\/index.php?rest_route=\/wp\/v2\/posts\/31351","targetHints":{"allow":["GET"]}}],"collection":[{"href":"https:\/\/letempsmag.ma\/index.php?rest_route=\/wp\/v2\/posts"}],"about":[{"href":"https:\/\/letempsmag.ma\/index.php?rest_route=\/wp\/v2\/types\/post"}],"author":[{"embeddable":true,"href":"https:\/\/letempsmag.ma\/index.php?rest_route=\/wp\/v2\/users\/9"}],"replies":[{"embeddable":true,"href":"https:\/\/letempsmag.ma\/index.php?rest_route=%2Fwp%2Fv2%2Fcomments&post=31351"}],"version-history":[{"count":1,"href":"https:\/\/letempsmag.ma\/index.php?rest_route=\/wp\/v2\/posts\/31351\/revisions"}],"predecessor-version":[{"id":31353,"href":"https:\/\/letempsmag.ma\/index.php?rest_route=\/wp\/v2\/posts\/31351\/revisions\/31353"}],"wp:featuredmedia":[{"embeddable":true,"href":"https:\/\/letempsmag.ma\/index.php?rest_route=\/wp\/v2\/media\/31352"}],"wp:attachment":[{"href":"https:\/\/letempsmag.ma\/index.php?rest_route=%2Fwp%2Fv2%2Fmedia&parent=31351"}],"wp:term":[{"taxonomy":"category","embeddable":true,"href":"https:\/\/letempsmag.ma\/index.php?rest_route=%2Fwp%2Fv2%2Fcategories&post=31351"},{"taxonomy":"post_tag","embeddable":true,"href":"https:\/\/letempsmag.ma\/index.php?rest_route=%2Fwp%2Fv2%2Ftags&post=31351"}],"curies":[{"name":"wp","href":"https:\/\/api.w.org\/{rel}","templated":true}]}}