{"id":31330,"date":"2024-10-14T06:01:00","date_gmt":"2024-10-14T05:01:00","guid":{"rendered":"https:\/\/letempsmag.ma\/?p=31330"},"modified":"2024-11-26T06:02:21","modified_gmt":"2024-11-26T05:02:21","slug":"les-exportations-marocaines-de-tomates-atteignent-des-sommets","status":"publish","type":"post","link":"https:\/\/letempsmag.ma\/?p=31330","title":{"rendered":"Les exportations marocaines de tomates atteignent des sommets"},"content":{"rendered":"\n<p>Le Maroc renforce cette ann\u00e9e la tendance \u00e0 la hausse des exportations de tomates de serre, suite \u00e0 la reprise du secteur apr\u00e8s la crise de l&#8217;automne 2023, selon EastFruit site sp\u00e9cialis\u00e9 en horticulture. De janvier \u00e0 juillet de cette ann\u00e9e, les exportations marocaines de tomates sont rest\u00e9es \u00e0 des niveaux record, le pays ayant d\u00e9j\u00e0 exp\u00e9di\u00e9 424.000 tonnes de produits vers les march\u00e9s internationaux. Ce chiffre repr\u00e9sente une augmentation de 16% par rapport au volume moyen des exportations de janvier \u00e0 juillet au cours des cinq derni\u00e8res ann\u00e9es, le chiffre comparable le plus proche \u00e9tant de 414.000 tonnes en 2022.<\/p>\n\n\n\n<p>Au cours de cette p\u00e9riode, le Maroc a \u00e9tabli des records mensuels d&#8217;exportation en janvier, mars et juillet. Le chiffre final des exportations pour 2024 d\u00e9pendra en grande partie de l&#8217;\u00e9volution de l&#8217;automne et de l&#8217;impact des conditions m\u00e9t\u00e9orologiques estivales, qui ont \u00e9t\u00e9 loin d&#8217;\u00eatre id\u00e9ales.<\/p>\n\n\n\n<p>Pr\u00e8s de la moiti\u00e9 des exportations marocaines de tomates a \u00e9t\u00e9 destin\u00e9e \u00e0 la France, le reste \u00e9tant principalement r\u00e9parti entre les pays de l&#8217;Union Europ\u00e9enne, le Royaume-Uni et l&#8217;Afrique subsaharienne. L&#8217;Allemagne notamment a enregistr\u00e9 la plus forte progression des importations de tomates marocaines, avec 25.000 tonnes exp\u00e9di\u00e9es au cours des sept premiers mois de cette ann\u00e9e, contre 21.000 tonnes pour l&#8217;ensemble de l&#8217;ann\u00e9e pr\u00e9c\u00e9dente.<\/p>\n","protected":false},"excerpt":{"rendered":"<p>Le Maroc renforce cette ann\u00e9e la tendance \u00e0 la hausse des exportations de tomates de serre, suite \u00e0 la reprise du secteur apr\u00e8s la crise de l&#8217;automne 2023, selon EastFruit site sp\u00e9cialis\u00e9 en horticulture. De janvier \u00e0 juillet de cette ann\u00e9e, les exportations marocaines de tomates sont rest\u00e9es \u00e0 des niveaux record, le pays ayant &hellip;<\/p>\n","protected":false},"author":9,"featured_media":31331,"comment_status":"open","ping_status":"closed","sticky":false,"template":"","format":"standard","meta":{"footnotes":""},"categories":[30],"tags":[],"class_list":["post-31330","post","type-post","status-publish","format-standard","has-post-thumbnail","hentry","category-agriculture"],"_links":{"self":[{"href":"https:\/\/letempsmag.ma\/index.php?rest_route=\/wp\/v2\/posts\/31330","targetHints":{"allow":["GET"]}}],"collection":[{"href":"https:\/\/letempsmag.ma\/index.php?rest_route=\/wp\/v2\/posts"}],"about":[{"href":"https:\/\/letempsmag.ma\/index.php?rest_route=\/wp\/v2\/types\/post"}],"author":[{"embeddable":true,"href":"https:\/\/letempsmag.ma\/index.php?rest_route=\/wp\/v2\/users\/9"}],"replies":[{"embeddable":true,"href":"https:\/\/letempsmag.ma\/index.php?rest_route=%2Fwp%2Fv2%2Fcomments&post=31330"}],"version-history":[{"count":1,"href":"https:\/\/letempsmag.ma\/index.php?rest_route=\/wp\/v2\/posts\/31330\/revisions"}],"predecessor-version":[{"id":31332,"href":"https:\/\/letempsmag.ma\/index.php?rest_route=\/wp\/v2\/posts\/31330\/revisions\/31332"}],"wp:featuredmedia":[{"embeddable":true,"href":"https:\/\/letempsmag.ma\/index.php?rest_route=\/wp\/v2\/media\/31331"}],"wp:attachment":[{"href":"https:\/\/letempsmag.ma\/index.php?rest_route=%2Fwp%2Fv2%2Fmedia&parent=31330"}],"wp:term":[{"taxonomy":"category","embeddable":true,"href":"https:\/\/letempsmag.ma\/index.php?rest_route=%2Fwp%2Fv2%2Fcategories&post=31330"},{"taxonomy":"post_tag","embeddable":true,"href":"https:\/\/letempsmag.ma\/index.php?rest_route=%2Fwp%2Fv2%2Ftags&post=31330"}],"curies":[{"name":"wp","href":"https:\/\/api.w.org\/{rel}","templated":true}]}}