{"id":31306,"date":"2024-10-15T05:45:00","date_gmt":"2024-10-15T04:45:00","guid":{"rendered":"https:\/\/letempsmag.ma\/?p=31306"},"modified":"2024-11-26T05:47:04","modified_gmt":"2024-11-26T04:47:04","slug":"la-bei-debloque-500-millions-deuros-pour-les-infrastructures-dal-haouz","status":"publish","type":"post","link":"https:\/\/letempsmag.ma\/?p=31306","title":{"rendered":"La BEI d\u00e9bloque 500 millions d\u2019euros pour les infrastructures d\u2019Al Haouz"},"content":{"rendered":"\n<p>La Banque Europ\u00e9enne d\u2019Investissement (BEI) annonce la signature d\u2019un accord avec le minist\u00e8re de l\u2019Economie et des Finances pour un montant de 500 millions d\u2019euros (environ 5,4 milliards de DH). Il s\u2019agit de la premi\u00e8re tranche d\u2019un montant total de pr\u00eat de 1 milliard d\u2019euros, destin\u00e9 \u00e0 contribuer \u00e0 la reconstruction des infrastructures publiques dans les r\u00e9gions touch\u00e9es par le s\u00e9isme du 8 septembre 2023. La signature de ce deal a eu lieu en pr\u00e9sence de repr\u00e9sentants du minist\u00e8re de l\u2019Education nationale, du Pr\u00e9scolaire et des Sports, du minist\u00e8re de l\u2019Equipement et de l\u2019Eau et du minist\u00e8re de la Sant\u00e9 et de la Protection sociale.<\/p>\n\n\n\n<p>Ce financement, soutenu par une garantie de l\u2019Union Europ\u00e9enne, est destin\u00e9 \u00e0 restaurer les infrastructures cl\u00e9s dans les secteurs de l\u2019\u00e9ducation, de la sant\u00e9 et des transports tout en int\u00e9grant des normes sismiques renforc\u00e9es et des solutions \u00e9nerg\u00e9tiques durables.<\/p>\n\n\n\n<p>Ce soutien financier s\u2019inscrit dans le cadre du programme global de reconstruction lanc\u00e9 par le gouvernement marocain pour reb\u00e2tir les zones touch\u00e9es. L\u2019engagement traduit le soutien r\u00e9solu de la BEI au Maroc dans ses efforts de r\u00e9habilitation d\u2019infrastructures vitales et de r\u00e9g\u00e9n\u00e9ration de zones sinistr\u00e9es. Cet appui s\u2019inscrit \u00e9galement dans le cadre du programme global de reconstruction du Royaume et comprend aussi une subvention d\u2019assistance technique d\u00e9di\u00e9e \u00e0 la mise en \u0153uvre du projet afin de renforcer la structure du programme et d\u2019assurer la durabilit\u00e9 de la reconstruction.<\/p>\n\n\n\n<p>\u00abCe financement sans pr\u00e9c\u00e9dent en faveur du Maroc est un exemple concret de notre engagement \u00e0 soutenir nos partenaires en temps de crise. Apr\u00e8s la trag\u00e9die du s\u00e9isme et les efforts remarquables d\u00e9j\u00e0 d\u00e9ploy\u00e9s par le Royaume du Maroc, ce financement permettra non seulement de r\u00e9tablir les services vitaux dans les r\u00e9gions les plus durement touch\u00e9es, mais aussi de reconstruire des infrastructures modernes, r\u00e9silientes et vertes\u00bb, d\u00e9clare Ioannis Tsakiris, Vice-Pr\u00e9sident de la BEI.<\/p>\n\n\n\n<p>Rappelons que la BEI est un partenaire majeur du Maroc depuis plus de 40 ans. Elle finance le d\u00e9veloppement et la mise en \u0153uvre de projets importants dans des secteurs vitaux de l\u2019\u00e9conomie marocaine tels que l\u2019appui aux entreprises, l\u2019agriculture, l\u2019eau et l\u2019assainissement, l\u2019\u00e9ducation, la sant\u00e9, les transports et les \u00e9nergies renouvelables.<\/p>\n","protected":false},"excerpt":{"rendered":"<p>La Banque Europ\u00e9enne d\u2019Investissement (BEI) annonce la signature d\u2019un accord avec le minist\u00e8re de l\u2019Economie et des Finances pour un montant de 500 millions d\u2019euros (environ 5,4 milliards de DH). Il s\u2019agit de la premi\u00e8re tranche d\u2019un montant total de pr\u00eat de 1 milliard d\u2019euros, destin\u00e9 \u00e0 contribuer \u00e0 la reconstruction des infrastructures publiques dans &hellip;<\/p>\n","protected":false},"author":9,"featured_media":31307,"comment_status":"open","ping_status":"closed","sticky":false,"template":"","format":"standard","meta":{"footnotes":""},"categories":[1147],"tags":[],"class_list":["post-31306","post","type-post","status-publish","format-standard","has-post-thumbnail","hentry","category-post-seisme"],"_links":{"self":[{"href":"https:\/\/letempsmag.ma\/index.php?rest_route=\/wp\/v2\/posts\/31306","targetHints":{"allow":["GET"]}}],"collection":[{"href":"https:\/\/letempsmag.ma\/index.php?rest_route=\/wp\/v2\/posts"}],"about":[{"href":"https:\/\/letempsmag.ma\/index.php?rest_route=\/wp\/v2\/types\/post"}],"author":[{"embeddable":true,"href":"https:\/\/letempsmag.ma\/index.php?rest_route=\/wp\/v2\/users\/9"}],"replies":[{"embeddable":true,"href":"https:\/\/letempsmag.ma\/index.php?rest_route=%2Fwp%2Fv2%2Fcomments&post=31306"}],"version-history":[{"count":1,"href":"https:\/\/letempsmag.ma\/index.php?rest_route=\/wp\/v2\/posts\/31306\/revisions"}],"predecessor-version":[{"id":31308,"href":"https:\/\/letempsmag.ma\/index.php?rest_route=\/wp\/v2\/posts\/31306\/revisions\/31308"}],"wp:featuredmedia":[{"embeddable":true,"href":"https:\/\/letempsmag.ma\/index.php?rest_route=\/wp\/v2\/media\/31307"}],"wp:attachment":[{"href":"https:\/\/letempsmag.ma\/index.php?rest_route=%2Fwp%2Fv2%2Fmedia&parent=31306"}],"wp:term":[{"taxonomy":"category","embeddable":true,"href":"https:\/\/letempsmag.ma\/index.php?rest_route=%2Fwp%2Fv2%2Fcategories&post=31306"},{"taxonomy":"post_tag","embeddable":true,"href":"https:\/\/letempsmag.ma\/index.php?rest_route=%2Fwp%2Fv2%2Ftags&post=31306"}],"curies":[{"name":"wp","href":"https:\/\/api.w.org\/{rel}","templated":true}]}}