{"id":31137,"date":"2024-10-29T04:22:00","date_gmt":"2024-10-29T03:22:00","guid":{"rendered":"https:\/\/letempsmag.ma\/?p=31137"},"modified":"2024-11-26T04:22:59","modified_gmt":"2024-11-26T03:22:59","slug":"le-souverain-et-le-chef-de-letat-francais-president-la-signature-dimportants-accords","status":"publish","type":"post","link":"https:\/\/letempsmag.ma\/?p=31137","title":{"rendered":"Le Souverain et le Chef de l\u2019Etat fran\u00e7ais pr\u00e9sident la signature d\u2019importants accords"},"content":{"rendered":"\n<p>Deux accords de partenariat hautement strat\u00e9giques ont \u00e9t\u00e9 sign\u00e9s, hier \u00e0 Rabat, par la Banque Publique d&#8217;Investissement (BPI France) avec le groupe OCP et le Fonds Mohammed VI pour l\u2019Investissement, permettent d&#8217;encourager le d\u00e9veloppement des coop\u00e9rations franco-marocaines. \u00abCes accords nous permettront de mettre en marche des dispositifs visant \u00e0 acc\u00e9l\u00e9rer cette coop\u00e9ration\u00bb, a d\u00e9clar\u00e9 la Directrice des Affaires Internationales et Europ\u00e9ennes de BPI France, Isabelle B\u00e9b\u00e9ar. La haute responsable se pronon\u00e7ait au micro de la MAP, \u00e0 l&#8217;issue de la c\u00e9r\u00e9monie de signature de plusieurs accords entre le Royaume du Maroc et la R\u00e9publique fran\u00e7aise, pr\u00e9sid\u00e9e par S.M. le Roi Mohammed VI et le Pr\u00e9sident fran\u00e7ais, Emmanuel Macron.<\/p>\n\n\n\n<p>Un protocole d&#8217;accord sur la cr\u00e9ation d&#8217;un acc\u00e9l\u00e9rateur d&#8217;investissements Maroc-France a ainsi \u00e9t\u00e9 sign\u00e9 par le Directeur G\u00e9n\u00e9ral du Fonds Mohammed VI pour l\u2019Investissement, Mohamed Benchaaboun, le Directeur G\u00e9n\u00e9ral de l&#8217;Agence Fran\u00e7aise de D\u00e9veloppement (AFD), R\u00e9my Rioux, la Directrice G\u00e9n\u00e9rale de STOA (infrastructures et \u00e9nergie), Marie-Laure Mazaud, et la Directrice des Affaires Internationales et Europ\u00e9ennes de BPI France, Isabelle B\u00e9b\u00e9ar. Il s\u2019agit d\u2019un protocole d\u2019accord de pr\u00e8s de 3 milliards de DH de capitaux portant sur la cr\u00e9ation d\u2019un acc\u00e9l\u00e9rateur d&#8217;investissements Maroc-France.<\/p>\n\n\n\n<p>Un second protocole d\u2019accord a \u00e9t\u00e9 paraph\u00e9 entre le groupe OCP et l\u2019Agence Fran\u00e7aise de D\u00e9veloppement (AFD) dans le domaine de la d\u00e9carbonation, sign\u00e9 par le Pr\u00e9sident Directeur G\u00e9n\u00e9ral du groupe OCP, Mostafa Terrab, le Directeur G\u00e9n\u00e9ral de l&#8217;AFD, R\u00e9my Rioux, et la Directrice des Affaires Internationales et Europ\u00e9ennes de BPI France, Isabelle B\u00e9b\u00e9ar. D\u2019un montant de 350 millions d\u2019euros, cet accord porte sur le soutien \u00e0 la strat\u00e9gie de d\u00e9carbonation du groupe OCP au Maroc, au soutien au d\u00e9veloppement des cha\u00eenes de valeur agricoles et alimentaires en Afrique via l\u2019appui \u00e0 la plateforme \u00abAgrifinance\u00bb de l\u2019OCP, au soutien et l\u2019intensification des partenariats entre entreprises fran\u00e7aises et le groupe OCP et au soutien \u00e0 la formation et \u00e0 la recherche dans le domaine de la s\u00e9curit\u00e9 alimentaire.<\/p>\n","protected":false},"excerpt":{"rendered":"<p>Deux accords de partenariat hautement strat\u00e9giques ont \u00e9t\u00e9 sign\u00e9s, hier \u00e0 Rabat, par la Banque Publique d&#8217;Investissement (BPI France) avec le groupe OCP et le Fonds Mohammed VI pour l\u2019Investissement, permettent d&#8217;encourager le d\u00e9veloppement des coop\u00e9rations franco-marocaines. \u00abCes accords nous permettront de mettre en marche des dispositifs visant \u00e0 acc\u00e9l\u00e9rer cette coop\u00e9ration\u00bb, a d\u00e9clar\u00e9 la &hellip;<\/p>\n","protected":false},"author":9,"featured_media":31138,"comment_status":"open","ping_status":"closed","sticky":false,"template":"","format":"standard","meta":{"footnotes":""},"categories":[203],"tags":[],"class_list":["post-31137","post","type-post","status-publish","format-standard","has-post-thumbnail","hentry","category-cooperation"],"_links":{"self":[{"href":"https:\/\/letempsmag.ma\/index.php?rest_route=\/wp\/v2\/posts\/31137","targetHints":{"allow":["GET"]}}],"collection":[{"href":"https:\/\/letempsmag.ma\/index.php?rest_route=\/wp\/v2\/posts"}],"about":[{"href":"https:\/\/letempsmag.ma\/index.php?rest_route=\/wp\/v2\/types\/post"}],"author":[{"embeddable":true,"href":"https:\/\/letempsmag.ma\/index.php?rest_route=\/wp\/v2\/users\/9"}],"replies":[{"embeddable":true,"href":"https:\/\/letempsmag.ma\/index.php?rest_route=%2Fwp%2Fv2%2Fcomments&post=31137"}],"version-history":[{"count":1,"href":"https:\/\/letempsmag.ma\/index.php?rest_route=\/wp\/v2\/posts\/31137\/revisions"}],"predecessor-version":[{"id":31139,"href":"https:\/\/letempsmag.ma\/index.php?rest_route=\/wp\/v2\/posts\/31137\/revisions\/31139"}],"wp:featuredmedia":[{"embeddable":true,"href":"https:\/\/letempsmag.ma\/index.php?rest_route=\/wp\/v2\/media\/31138"}],"wp:attachment":[{"href":"https:\/\/letempsmag.ma\/index.php?rest_route=%2Fwp%2Fv2%2Fmedia&parent=31137"}],"wp:term":[{"taxonomy":"category","embeddable":true,"href":"https:\/\/letempsmag.ma\/index.php?rest_route=%2Fwp%2Fv2%2Fcategories&post=31137"},{"taxonomy":"post_tag","embeddable":true,"href":"https:\/\/letempsmag.ma\/index.php?rest_route=%2Fwp%2Fv2%2Ftags&post=31137"}],"curies":[{"name":"wp","href":"https:\/\/api.w.org\/{rel}","templated":true}]}}