{"id":31125,"date":"2024-10-29T04:18:00","date_gmt":"2024-10-29T03:18:00","guid":{"rendered":"https:\/\/letempsmag.ma\/?p=31125"},"modified":"2024-11-26T04:19:20","modified_gmt":"2024-11-26T03:19:20","slug":"itzer-trail-ou-comment-courir-pour-un-hiver-chaud-et-plus-solidaire","status":"publish","type":"post","link":"https:\/\/letempsmag.ma\/?p=31125","title":{"rendered":"\u00abItzer Trail\u00bb ou comment courir pour un hiver chaud et plus solidaire"},"content":{"rendered":"\n<p>La 7\u00e8me \u00e9dition de l\u2019\u00abItzer Trail\u00bb se tiendra les 16 et 17 novembre prochain au lac Sidi Ali, \u00e0 Itzer, dans la province de Midelt. Les revenus de cet \u00e9v\u00e9nement sportif 100% solidaire, serviront \u00e0 financer l\u2019action \u00abHiver Chaud\u00bb au profit de 550 \u00e9l\u00e8ves de la r\u00e9gion. Les prix des dossards ont \u00e9t\u00e9 ramen\u00e9s de 500 \u00e0 200 DH cette ann\u00e9e pour rendre l\u2019\u00e9v\u00e9nement accessible \u00e0 un maximum de jeunes.<\/p>\n\n\n\n<p>Cette ann\u00e9e encore, l\u2019\u00abItzer Trail\u00bb promet d\u2019\u00eatre un \u00e9v\u00e9nement incontournable pour les passionn\u00e9s de course \u00e0 pieds et les amateurs d\u2019actions sociales. Depuis sa cr\u00e9ation, le happening s\u2019est donn\u00e9 pour mission d\u2019allier sport et solidarit\u00e9. En participant \u00e0 cette course, les coureurs contribuent directement aux actions \u00e9ducatives, sociales et sportives de l\u2019Association Initiatives des Jeunes d\u2019Itzer. En effet, 100% des fonds r\u00e9colt\u00e9s seront revers\u00e9s \u00e0 l\u2019initiative \u00abHiver Chaud\u00bb, qui consiste \u00e0 distribuer des v\u00eatements neufs aux \u00e9l\u00e8ves du Moyen Atlas au mois de d\u00e9cembre prochain.<\/p>\n\n\n\n<p>Lors des pr\u00e9c\u00e9dentes \u00e9ditions, plus de 2.000 \u00e9l\u00e8ves ont b\u00e9n\u00e9fici\u00e9 de v\u00eatements neufs d\u2019hiver pour pouvoir rejoindre leurs bancs \u00e0 l\u2019\u00e9cole malgr\u00e9 le froid et la neige. L\u2019action touchera cette ann\u00e9e encore quelque 550 \u00e9l\u00e8ves suppl\u00e9mentaires, renfor\u00e7ant ainsi l\u2019impact social de cet \u00e9v\u00e9nement.<\/p>\n\n\n\n<p>Une des grandes nouveaut\u00e9s de cette \u00e9dition est, rappelons-le, la baisse significative du prix du dossard, qui passe de 500 \u00e0 200 DH. \u00abCette r\u00e9duction a \u00e9t\u00e9 rendue possible gr\u00e2ce au soutien de sponsors engag\u00e9s et refl\u00e8te la volont\u00e9 de l\u2019Association de rendre cet \u00e9v\u00e9nement sportif encore plus accessible notamment aux jeunes de la r\u00e9gion et d\u2019encourager une plus grande population locale \u00e0 prendre part \u00e0 la course\u00bb, souligne le Pr\u00e9sident de l\u2019ONG, Farid Benlafdil.<\/p>\n\n\n\n<p>Au programme de cette \u00e9dition 2024, des parcours adapt\u00e9s \u00e0 tous les niveaux, allant de 10 km \u00e0 42 km, des animations au bord du lac Sidi Ali, une foire pour d\u00e9couvrir et d\u00e9guster les produits de terroir et l\u2019artisanat r\u00e9alis\u00e9s par les coop\u00e9ratives des femmes et des jeunes d\u2019Itzer.<\/p>\n\n\n\n<p>Plus qu\u2019une course, l\u2019\u00abItzer Trail\u00bb est un v\u00e9ritable rassemblement de la communaut\u00e9, un moment de partage et d\u2019\u00e9changes autour des valeurs de solidarit\u00e9 et de soutien. Cette course solidaire, lanc\u00e9e en 2021 par l\u2019Association Initiatives des Jeunes d\u2019Itzer, attire chaque ann\u00e9e des participants de diff\u00e9rents horizons qui souhaitent allier leur passion pour le sport \u00e0 la solidarit\u00e9.&nbsp;<\/p>\n\n\n\n<p>Les fonds lev\u00e9s par l\u2019Association en marge des \u00e9v\u00e9nement sportifs 100% solidaires sont d\u00e9ploy\u00e9s dans des actions de parrainage d\u2019orphelins, des caravanes m\u00e9dicales, des projets g\u00e9n\u00e9rateurs de revenus au profit des familles pauvres, la r\u00e9novation des \u00e9coles et des internats, la distribution des v\u00eatements neufs et de lunettes de vue au profit des \u00e9l\u00e8ves, les dons aux familles pauvres \u00e0 l\u2019occasion des f\u00eates religieuses, le soutien et le d\u00e9veloppement du club de course \u00e0 pied cr\u00e9\u00e9 pour les jeunes d\u2019Itzer, la formation ou encore le soutien scolaire.<\/p>\n\n\n\n<p><strong><em>\u00c0 Propos d&#8217;Itzer<\/em><\/strong><\/p>\n\n\n\n<p>Itzer est une commune rurale situ\u00e9e au Moyen Atlas, fond\u00e9e en 1961, dans la r\u00e9gion Dr\u00e2a-Tafilalet (province de Midelt). Sa population d\u00e9passe les 10.000 habitants, sur une superficie de 340 km2. La r\u00e9gion est renomm\u00e9e pour ses vari\u00e9t\u00e9s de pommes exceptionnelles, introduites dans les ann\u00e9es 1950 et occupant environ 610 hectares. L&#8217;agriculture locale repose \u00e9galement sur les cultures c\u00e9r\u00e9ali\u00e8res, l&#8217;\u00e9levage ovin et la culture des arbres fruitiers.<\/p>\n\n\n\n<p><strong><em>\u00c0 Propos de l&#8217;ASSIJI<\/em><\/strong><\/p>\n\n\n\n<p>L&#8217;Association des Initiatives des Jeunes d&#8217;Itzer (ASSIJI), cr\u00e9\u00e9e en 2019 par une centaine de jeunes natifs de la r\u00e9gion, vise \u00e0 contribuer au d\u00e9veloppement \u00e9conomique et social local par l&#8217;organisation d&#8217;\u00e9v\u00e9nements sportifs et d&#8217;initiatives solidaires, dans le respect de la nature et de la culture locale. L&#8217;Association soutient 1.500 \u00e9l\u00e8ves, 220 familles, une cinquantaine d&#8217;orphelins, ainsi qu&#8217;un club de course \u00e0 pied et un club de basket-ball.<\/p>\n","protected":false},"excerpt":{"rendered":"<p>La 7\u00e8me \u00e9dition de l\u2019\u00abItzer Trail\u00bb se tiendra les 16 et 17 novembre prochain au lac Sidi Ali, \u00e0 Itzer, dans la province de Midelt. Les revenus de cet \u00e9v\u00e9nement sportif 100% solidaire, serviront \u00e0 financer l\u2019action \u00abHiver Chaud\u00bb au profit de 550 \u00e9l\u00e8ves de la r\u00e9gion. Les prix des dossards ont \u00e9t\u00e9 ramen\u00e9s de &hellip;<\/p>\n","protected":false},"author":9,"featured_media":31126,"comment_status":"open","ping_status":"closed","sticky":false,"template":"","format":"standard","meta":{"footnotes":""},"categories":[283],"tags":[],"class_list":["post-31125","post","type-post","status-publish","format-standard","has-post-thumbnail","hentry","category-associatif"],"_links":{"self":[{"href":"https:\/\/letempsmag.ma\/index.php?rest_route=\/wp\/v2\/posts\/31125","targetHints":{"allow":["GET"]}}],"collection":[{"href":"https:\/\/letempsmag.ma\/index.php?rest_route=\/wp\/v2\/posts"}],"about":[{"href":"https:\/\/letempsmag.ma\/index.php?rest_route=\/wp\/v2\/types\/post"}],"author":[{"embeddable":true,"href":"https:\/\/letempsmag.ma\/index.php?rest_route=\/wp\/v2\/users\/9"}],"replies":[{"embeddable":true,"href":"https:\/\/letempsmag.ma\/index.php?rest_route=%2Fwp%2Fv2%2Fcomments&post=31125"}],"version-history":[{"count":1,"href":"https:\/\/letempsmag.ma\/index.php?rest_route=\/wp\/v2\/posts\/31125\/revisions"}],"predecessor-version":[{"id":31127,"href":"https:\/\/letempsmag.ma\/index.php?rest_route=\/wp\/v2\/posts\/31125\/revisions\/31127"}],"wp:featuredmedia":[{"embeddable":true,"href":"https:\/\/letempsmag.ma\/index.php?rest_route=\/wp\/v2\/media\/31126"}],"wp:attachment":[{"href":"https:\/\/letempsmag.ma\/index.php?rest_route=%2Fwp%2Fv2%2Fmedia&parent=31125"}],"wp:term":[{"taxonomy":"category","embeddable":true,"href":"https:\/\/letempsmag.ma\/index.php?rest_route=%2Fwp%2Fv2%2Fcategories&post=31125"},{"taxonomy":"post_tag","embeddable":true,"href":"https:\/\/letempsmag.ma\/index.php?rest_route=%2Fwp%2Fv2%2Ftags&post=31125"}],"curies":[{"name":"wp","href":"https:\/\/api.w.org\/{rel}","templated":true}]}}