{"id":31058,"date":"2024-11-01T03:48:44","date_gmt":"2024-11-01T02:48:44","guid":{"rendered":"https:\/\/letempsmag.ma\/?p=31058"},"modified":"2024-11-26T03:49:46","modified_gmt":"2024-11-26T02:49:46","slug":"lautorite-marocaine-du-marche-des-capitaux-renforce-sa-cooperation-avec-son-homologue-francaise","status":"publish","type":"post","link":"https:\/\/letempsmag.ma\/?p=31058","title":{"rendered":"L&#8217;Autorit\u00e9 Marocaine du March\u00e9 des Capitaux renforce sa coop\u00e9ration avec son homologue fran\u00e7aise"},"content":{"rendered":"\n<p>L&#8217;Autorit\u00e9 Marocaine du March\u00e9 des Capitaux (AMMC) et l&#8217;Autorit\u00e9 des March\u00e9s Financiers de France (AMF) ont sign\u00e9, le 29 octobre dernier, un accord de coop\u00e9ration significatif, visant \u00e0 renforcer leur collaboration dans le domaine des march\u00e9s de capitaux. Cet \u00e9v\u00e9nement s&#8217;est d\u00e9roul\u00e9 lors des Rencontres entrepreneuriales Maroc-France, en marge de la visite d&#8217;\u00c9tat du Pr\u00e9sident fran\u00e7ais au Maroc.<\/p>\n\n\n\n<p>Les Pr\u00e9sidentes des deux institutions, Nezha Hayat (AMMC) et Marie-Anne Barbati-Layani (AMF), ont soulign\u00e9 l&#8217;importance de cet accord dans un contexte o\u00f9 les missions des deux organismes se diversifient. L&#8217;accord vise \u00e0 r\u00e9pondre aux enjeux croissants li\u00e9s au financement de l&#8217;\u00e9conomie et aux transitions \u00e9nerg\u00e9tique et num\u00e9rique. Il aborde \u00e9galement l&#8217;\u00e9mergence de nouveaux produits financiers en ligne et l&#8217;impact des r\u00e9seaux sociaux sur le march\u00e9.<\/p>\n\n\n\n<p>L&#8217;accord pr\u00e9voit un \u00e9change de bonnes pratiques et un renforcement de la compr\u00e9hension mutuelle des cadres r\u00e9glementaires, avec un objectif commun : prot\u00e9ger les investisseurs et garantir l&#8217;int\u00e9grit\u00e9 des march\u00e9s. Nezha Hayat a exprim\u00e9 que cet accord renforce les relations d\u00e9j\u00e0 \u00e9tablies entre les deux autorit\u00e9s, soulignant l&#8217;importance d&#8217;une convergence r\u00e9glementaire pour relever les d\u00e9fis li\u00e9s \u00e0 la durabilit\u00e9 et \u00e0 l&#8217;innovation technologique.<\/p>\n\n\n\n<p>De son c\u00f4t\u00e9, Barbati-Layani a \u00e9voqu\u00e9 l&#8217;importance de ces relations privil\u00e9gi\u00e9es, pr\u00e9cisant que cet accord favorisera une finance innovante, int\u00e8gre et utile au d\u00e9veloppement \u00e9conomique. Elle a \u00e9galement not\u00e9 que ces synergies pourraient accro\u00eetre l&#8217;attractivit\u00e9 des places financi\u00e8res respectives.<\/p>\n\n\n\n<p>Avec cet accord, l&#8217;AMMC et l&#8217;AMF t\u00e9moignent de leur volont\u00e9 commune de soutenir le d\u00e9veloppement de leurs march\u00e9s, tout en s\u2019adaptant aux \u00e9volutions rapides du secteur financier.<\/p>\n\n\n\n<p>Rappelons que l\u2019AMMC est l&#8217;autorit\u00e9 de r\u00e9gulation du march\u00e9 marocain des capitaux. L\u2019Institution a pour missions de veiller \u00e0 la protection de l\u2019\u00e9pargne investie en instruments financiers et au bon fonctionnement et \u00e0 la transparence du march\u00e9 des capitaux au Maroc. Quant \u00e0&nbsp; l\u2019AMF, elle est charg\u00e9e de veiller \u00e0 la protection de l\u2019\u00e9pargne investie en produits financiers, \u00e0 l\u2019information des investisseurs et au bon fonctionnement des march\u00e9s.<\/p>\n","protected":false},"excerpt":{"rendered":"<p>L&#8217;Autorit\u00e9 Marocaine du March\u00e9 des Capitaux (AMMC) et l&#8217;Autorit\u00e9 des March\u00e9s Financiers de France (AMF) ont sign\u00e9, le 29 octobre dernier, un accord de coop\u00e9ration significatif, visant \u00e0 renforcer leur collaboration dans le domaine des march\u00e9s de capitaux. Cet \u00e9v\u00e9nement s&#8217;est d\u00e9roul\u00e9 lors des Rencontres entrepreneuriales Maroc-France, en marge de la visite d&#8217;\u00c9tat du Pr\u00e9sident &hellip;<\/p>\n","protected":false},"author":9,"featured_media":31059,"comment_status":"open","ping_status":"closed","sticky":false,"template":"","format":"standard","meta":{"footnotes":""},"categories":[1383],"tags":[],"class_list":["post-31058","post","type-post","status-publish","format-standard","has-post-thumbnail","hentry","category-marches-2"],"_links":{"self":[{"href":"https:\/\/letempsmag.ma\/index.php?rest_route=\/wp\/v2\/posts\/31058","targetHints":{"allow":["GET"]}}],"collection":[{"href":"https:\/\/letempsmag.ma\/index.php?rest_route=\/wp\/v2\/posts"}],"about":[{"href":"https:\/\/letempsmag.ma\/index.php?rest_route=\/wp\/v2\/types\/post"}],"author":[{"embeddable":true,"href":"https:\/\/letempsmag.ma\/index.php?rest_route=\/wp\/v2\/users\/9"}],"replies":[{"embeddable":true,"href":"https:\/\/letempsmag.ma\/index.php?rest_route=%2Fwp%2Fv2%2Fcomments&post=31058"}],"version-history":[{"count":1,"href":"https:\/\/letempsmag.ma\/index.php?rest_route=\/wp\/v2\/posts\/31058\/revisions"}],"predecessor-version":[{"id":31060,"href":"https:\/\/letempsmag.ma\/index.php?rest_route=\/wp\/v2\/posts\/31058\/revisions\/31060"}],"wp:featuredmedia":[{"embeddable":true,"href":"https:\/\/letempsmag.ma\/index.php?rest_route=\/wp\/v2\/media\/31059"}],"wp:attachment":[{"href":"https:\/\/letempsmag.ma\/index.php?rest_route=%2Fwp%2Fv2%2Fmedia&parent=31058"}],"wp:term":[{"taxonomy":"category","embeddable":true,"href":"https:\/\/letempsmag.ma\/index.php?rest_route=%2Fwp%2Fv2%2Fcategories&post=31058"},{"taxonomy":"post_tag","embeddable":true,"href":"https:\/\/letempsmag.ma\/index.php?rest_route=%2Fwp%2Fv2%2Ftags&post=31058"}],"curies":[{"name":"wp","href":"https:\/\/api.w.org\/{rel}","templated":true}]}}