{"id":31023,"date":"2024-11-05T21:18:47","date_gmt":"2024-11-05T20:18:47","guid":{"rendered":"https:\/\/letempsmag.ma\/?p=31023"},"modified":"2024-11-25T21:19:51","modified_gmt":"2024-11-25T20:19:51","slug":"le-salon-international-des-dattes-a-engrange-un-retentissant-succes-a-erfoud","status":"publish","type":"post","link":"https:\/\/letempsmag.ma\/?p=31023","title":{"rendered":"Le Salon International des Dattes a engrang\u00e9 un retentissant succ\u00e8s \u00e0 Erfoud"},"content":{"rendered":"\n<p>La 13<sup>\u00e8me<\/sup> \u00e9dition du Salon International des Dattes (SIDATTES) a connu un \u00e9norme succ\u00e8s du 30 octobre au 3 novembre courant \u00e0 Erfoud. L\u2019\u00e9v\u00e9nement a r\u00e9uni plus de 91.300 visiteurs et 235 exposants. Plac\u00e9e sous le haut patronage de S. M. le Roi Mohammed VI, cette \u00e9dition a mis l&#8217;accent sur la r\u00e9silience des oasis marocaines face aux d\u00e9fis climatiques, soulignant la n\u00e9cessit\u00e9 d&#8217;acc\u00e9l\u00e9rer le d\u00e9veloppement de la fili\u00e8re palmier dattier.<\/p>\n\n\n\n<p>Le SIDATTES a r\u00e9ussi \u00e0 attirer l&#8217;attention internationale avec la participation de neuf pays repr\u00e9sent\u00e9s par des pavillons d\u00e9di\u00e9s. Le Ministre de l&#8217;Agriculture, Ahmed El Bouari, a inaugur\u00e9 le Salon et a visit\u00e9 les diff\u00e9rents p\u00f4les d&#8217;exposition o\u00f9 il a discut\u00e9 avec les exposants et les jeunes entrepreneurs. Au cours de cette c\u00e9r\u00e9monie, plusieurs conventions ont \u00e9t\u00e9 sign\u00e9es pour renforcer l&#8217;encadrement des agriculteurs et soutenir le financement des producteurs, y compris une convention cadre entre la F\u00e9d\u00e9ration Interprofessionnelle Nationale de la Fili\u00e8re des Dattes (Maroc Dattes) et l\u2019Office National du Conseil Agricole (ONCA).<\/p>\n\n\n\n<p>Le programme scientifique de cette \u00e9dition 2024 a inclus une Journ\u00e9e scientifique et un Forum de l\u2019Investissement, permettant de pr\u00e9senter les mesures incitatives et les derni\u00e8res innovations en mati\u00e8re de recherche agricole. Des discussions cruciales ont eu lieu sur la durabilit\u00e9 des \u00e9cosyst\u00e8mes oasiens et l&#8217;avenir de la fili\u00e8re palmier dattier. Les participants ont explor\u00e9 des solutions pour pr\u00e9server les ressources hydriques et r\u00e9aliser des \u00e9conomies d&#8217;\u00e9nergie tout en prot\u00e9geant les \u00e9cosyst\u00e8mes.<\/p>\n\n\n\n<p>Le Forum de l&#8217;Investissement a \u00e9galement \u00e9t\u00e9 un point fort, permettant aux jeunes entrepreneurs de d\u00e9couvrir de nombreuses mesures incitatives et programmes d&#8217;accompagnement. Plusieurs success stories ont \u00e9t\u00e9 pr\u00e9sent\u00e9es, illustrant l\u2019importance des grandes strat\u00e9gies telles que le Plan Maroc Vert et G\u00e9n\u00e9ration Green, qui ont permis de cr\u00e9er des emplois dans des r\u00e9gions o\u00f9 la fili\u00e8re est un levier de d\u00e9veloppement socio-\u00e9conomique.<\/p>\n\n\n\n<p>Le Salon s&#8217;est d\u00e9ploy\u00e9 sur une superficie de 40.000 m2, offrant un espace pour plus d&#8217;une centaine de coop\u00e9ratives et Groupements d\u2019Int\u00e9r\u00eat Economique (GIE) sp\u00e9cialis\u00e9s dans la production de dattes et produits d\u00e9riv\u00e9s. Les p\u00f4les \u00abRahba\u00bb et l\u2019\u00abEspace Produits du Terroir\u00bb ont particuli\u00e8rement attir\u00e9 l&#8217;attention, favorisant les partenariats commerciaux au Maroc et \u00e0 l&#8217;\u00e9tranger.<\/p>\n\n\n\n<p>Les espaces d\u00e9di\u00e9s aux enfants ont \u00e9galement \u00e9t\u00e9 tr\u00e8s fr\u00e9quent\u00e9s, permettant aux jeunes de d\u00e9couvrir le monde fascinant des palmeraies \u00e0 travers des animations et activit\u00e9s ludiques. Ces initiatives ont contribu\u00e9 \u00e0 sensibiliser la nouvelle g\u00e9n\u00e9ration \u00e0 l&#8217;importance de cette fili\u00e8re.<\/p>\n\n\n\n<p>Une remise des Prix du M\u00e9rite et d&#8217;Encouragement a eu lieu le 31 octobre, ajoutant une dimension festive \u00e0 l&#8217;\u00e9v\u00e9nement. Le Prix de la meilleure participation \u00e9trang\u00e8re a \u00e9t\u00e9 d\u00e9cern\u00e9 aux \u00c9mirats Arabes Unis et \u00e0 l&#8217;Arabie Saoudite, illustrant le rayonnement international du Salon.<\/p>\n\n\n\n<p>Pr\u00e9cisons que cette 13<sup>\u00e8me<\/sup> \u00e9dition du SIDATTES a renforc\u00e9 le r\u00f4le du Salon comme plateforme essentielle pour les acteurs de la fili\u00e8re palmier dattier, favorisant les \u00e9changes commerciaux et les discussions sur l&#8217;avenir durable de cette culture embl\u00e9matique du Maroc. En r\u00e9unissant divers acteurs et en mettant en avant les innovations, le Salon continue ainsi de jouer un r\u00f4le-cl\u00e9 dans le d\u00e9veloppement et la r\u00e9silience de cette fili\u00e8re face aux d\u00e9fis contemporains.<\/p>\n\n\n\n<p><strong>L. F.<\/strong><\/p>\n","protected":false},"excerpt":{"rendered":"<p>La 13\u00e8me \u00e9dition du Salon International des Dattes (SIDATTES) a connu un \u00e9norme succ\u00e8s du 30 octobre au 3 novembre courant \u00e0 Erfoud. L\u2019\u00e9v\u00e9nement a r\u00e9uni plus de 91.300 visiteurs et 235 exposants. Plac\u00e9e sous le haut patronage de S. M. le Roi Mohammed VI, cette \u00e9dition a mis l&#8217;accent sur la r\u00e9silience des oasis &hellip;<\/p>\n","protected":false},"author":9,"featured_media":31024,"comment_status":"open","ping_status":"closed","sticky":false,"template":"","format":"standard","meta":{"footnotes":""},"categories":[30],"tags":[],"class_list":["post-31023","post","type-post","status-publish","format-standard","has-post-thumbnail","hentry","category-agriculture"],"_links":{"self":[{"href":"https:\/\/letempsmag.ma\/index.php?rest_route=\/wp\/v2\/posts\/31023","targetHints":{"allow":["GET"]}}],"collection":[{"href":"https:\/\/letempsmag.ma\/index.php?rest_route=\/wp\/v2\/posts"}],"about":[{"href":"https:\/\/letempsmag.ma\/index.php?rest_route=\/wp\/v2\/types\/post"}],"author":[{"embeddable":true,"href":"https:\/\/letempsmag.ma\/index.php?rest_route=\/wp\/v2\/users\/9"}],"replies":[{"embeddable":true,"href":"https:\/\/letempsmag.ma\/index.php?rest_route=%2Fwp%2Fv2%2Fcomments&post=31023"}],"version-history":[{"count":1,"href":"https:\/\/letempsmag.ma\/index.php?rest_route=\/wp\/v2\/posts\/31023\/revisions"}],"predecessor-version":[{"id":31025,"href":"https:\/\/letempsmag.ma\/index.php?rest_route=\/wp\/v2\/posts\/31023\/revisions\/31025"}],"wp:featuredmedia":[{"embeddable":true,"href":"https:\/\/letempsmag.ma\/index.php?rest_route=\/wp\/v2\/media\/31024"}],"wp:attachment":[{"href":"https:\/\/letempsmag.ma\/index.php?rest_route=%2Fwp%2Fv2%2Fmedia&parent=31023"}],"wp:term":[{"taxonomy":"category","embeddable":true,"href":"https:\/\/letempsmag.ma\/index.php?rest_route=%2Fwp%2Fv2%2Fcategories&post=31023"},{"taxonomy":"post_tag","embeddable":true,"href":"https:\/\/letempsmag.ma\/index.php?rest_route=%2Fwp%2Fv2%2Ftags&post=31023"}],"curies":[{"name":"wp","href":"https:\/\/api.w.org\/{rel}","templated":true}]}}