{"id":30952,"date":"2024-11-09T20:34:15","date_gmt":"2024-11-09T19:34:15","guid":{"rendered":"https:\/\/letempsmag.ma\/?p=30952"},"modified":"2024-11-25T20:35:04","modified_gmt":"2024-11-25T19:35:04","slug":"tara-sur-la-lune-un-moment-enchanteur-ou-le-theatre-rencontre-lanimation","status":"publish","type":"post","link":"https:\/\/letempsmag.ma\/?p=30952","title":{"rendered":"\u00abTara sur la Lune\u00bb, un moment enchanteur o\u00f9 le th\u00e9\u00e2tre rencontre l&#8217;animation"},"content":{"rendered":"\n<p>Samedi dernier, le complexe culturel El Hassani de Casablanca a vibr\u00e9 au rythme de l\u2019avant-premi\u00e8re du spectacle \u00abTara sur la Lune\u00bb, un \u00e9v\u00e9nement qui a \u00e9merveill\u00e9 un public enthousiaste, ce spectacle unique r\u00e9ussit \u00e0 allier habilement th\u00e9\u00e2tre vivant et cin\u00e9ma d\u2019animation. Parmi les personnalit\u00e9s pr\u00e9sentes&nbsp;: la Gouverneure de Hay Hassani, Khadija Benchouikh, et Tahar Youssfi, Pr\u00e9sident de l\u2019arrondissement de Hay Hassani.&nbsp;<\/p>\n\n\n\n<p>&nbsp;Tara sur la Lune\u00bb transporte les spectateurs dans l\u2019univers r\u00eaveur de Tara, une petite fille dont le plus grand r\u00eave est de devenir astronaute. L\u2019histoire se d\u00e9roule dans les ann\u00e9es 60, en pleine p\u00e9riode de la course \u00e0 l\u2019espace. Tara passe ses \u00e9t\u00e9s \u00e0 la ferme avec son grand-p\u00e8re, un homme \u00e0 l\u2019esprit plein d\u2019histoires fascinantes, notamment sur des taupes qui menaceraient la lune. Lors de la disparition soudaine de ce dernier, qu&#8217;elle croit \u00eatre partie pour une mission secr\u00e8te sur la lune, Tara d\u00e9cide de partir \u00e0 sa recherche et de sauver la lune, avec l\u2019aide d\u2019une bande d\u2019oies aussi espi\u00e8gles qu\u2019indisciplin\u00e9es.<\/p>\n\n\n\n<p>La com\u00e9dienne qui incarne Tara a r\u00e9ussi \u00e0 captiver le public gr\u00e2ce \u00e0 sa grande expressivit\u00e9, alternant gestes et mimiques avec une \u00e9nergie d\u00e9bordante, et est parvenue ainsi \u00e0 faire vivre l\u2019aventure de mani\u00e8re intense et touchante.&nbsp;<\/p>\n\n\n\n<p>Ce qui distingue \u00abTara sur la Lune\u00bb, c\u2019est la mani\u00e8re magistrale dont le spectacle m\u00eale le th\u00e9\u00e2tre et l&#8217;animation. Les projections sur \u00e9cran se fondent harmonieusement avec le jeu sc\u00e9nique, cr\u00e9ant une atmosph\u00e8re immersive o\u00f9 chaque \u00e9motion de l\u2019actrice trouve un \u00e9cho dans les images projet\u00e9es. Cette synchronisation parfaite entre les deux m\u00e9diums enrichit l\u2019exp\u00e9rience et plonge le spectateur dans un univers magique et onirique.<\/p>\n\n\n\n<p>Le choix de la Darija, simple et accessible au plus grand nombre, permet au spectacle de toucher un public jeune et familial, tout en offrant un ancrage culturel authentique. Le texte, fluide et l\u00e9ger, a \u00e9t\u00e9 con\u00e7u pour \u00eatre compris et appr\u00e9ci\u00e9 de tous, des plus petits aux plus grands.<\/p>\n\n\n\n<p>LAIDIA FAHIM<\/p>\n","protected":false},"excerpt":{"rendered":"<p>Samedi dernier, le complexe culturel El Hassani de Casablanca a vibr\u00e9 au rythme de l\u2019avant-premi\u00e8re du spectacle \u00abTara sur la Lune\u00bb, un \u00e9v\u00e9nement qui a \u00e9merveill\u00e9 un public enthousiaste, ce spectacle unique r\u00e9ussit \u00e0 allier habilement th\u00e9\u00e2tre vivant et cin\u00e9ma d\u2019animation. Parmi les personnalit\u00e9s pr\u00e9sentes&nbsp;: la Gouverneure de Hay Hassani, Khadija Benchouikh, et Tahar Youssfi, &hellip;<\/p>\n","protected":false},"author":9,"featured_media":30953,"comment_status":"open","ping_status":"closed","sticky":false,"template":"","format":"standard","meta":{"footnotes":""},"categories":[934],"tags":[],"class_list":["post-30952","post","type-post","status-publish","format-standard","has-post-thumbnail","hentry","category-spectacle"],"_links":{"self":[{"href":"https:\/\/letempsmag.ma\/index.php?rest_route=\/wp\/v2\/posts\/30952","targetHints":{"allow":["GET"]}}],"collection":[{"href":"https:\/\/letempsmag.ma\/index.php?rest_route=\/wp\/v2\/posts"}],"about":[{"href":"https:\/\/letempsmag.ma\/index.php?rest_route=\/wp\/v2\/types\/post"}],"author":[{"embeddable":true,"href":"https:\/\/letempsmag.ma\/index.php?rest_route=\/wp\/v2\/users\/9"}],"replies":[{"embeddable":true,"href":"https:\/\/letempsmag.ma\/index.php?rest_route=%2Fwp%2Fv2%2Fcomments&post=30952"}],"version-history":[{"count":1,"href":"https:\/\/letempsmag.ma\/index.php?rest_route=\/wp\/v2\/posts\/30952\/revisions"}],"predecessor-version":[{"id":30954,"href":"https:\/\/letempsmag.ma\/index.php?rest_route=\/wp\/v2\/posts\/30952\/revisions\/30954"}],"wp:featuredmedia":[{"embeddable":true,"href":"https:\/\/letempsmag.ma\/index.php?rest_route=\/wp\/v2\/media\/30953"}],"wp:attachment":[{"href":"https:\/\/letempsmag.ma\/index.php?rest_route=%2Fwp%2Fv2%2Fmedia&parent=30952"}],"wp:term":[{"taxonomy":"category","embeddable":true,"href":"https:\/\/letempsmag.ma\/index.php?rest_route=%2Fwp%2Fv2%2Fcategories&post=30952"},{"taxonomy":"post_tag","embeddable":true,"href":"https:\/\/letempsmag.ma\/index.php?rest_route=%2Fwp%2Fv2%2Ftags&post=30952"}],"curies":[{"name":"wp","href":"https:\/\/api.w.org\/{rel}","templated":true}]}}