{"id":30949,"date":"2024-11-09T20:32:52","date_gmt":"2024-11-09T19:32:52","guid":{"rendered":"https:\/\/letempsmag.ma\/?p=30949"},"modified":"2024-11-25T20:34:13","modified_gmt":"2024-11-25T19:34:13","slug":"lecole-du-jeune-spectateur-vivier-et-incubateur-de-vocations","status":"publish","type":"post","link":"https:\/\/letempsmag.ma\/?p=30949","title":{"rendered":"L&#8217;\u00c9cole du Jeune Spectateur, vivier et incubateur de vocations"},"content":{"rendered":"\n<p>\u00abTara sur la Lune\u00bb est une merveilleuse repr\u00e9sentation sous forme d\u2019une premi\u00e8re adaptation en Darija d&#8217;un spectacle international pour jeune public mont\u00e9 par l&#8217;\u00c9cole du Jeune Spectateur. L\u2019avant-premi\u00e8re a \u00e9t\u00e9 pr\u00e9sent\u00e9e samedi dernier \u00e0 Casablanca dans une salle archicomble. Apr\u00e8s avoir \u00e9t\u00e9 traduit \u00e0 partir de l\u2019espagnol en mandarin, en anglais et en fran\u00e7ais, ce spectacle enchanteur constitue une belle avanc\u00e9e dans la sc\u00e8ne culturelle marocaine en tant que nouvelle adaptation en Darija.<\/p>\n\n\n\n<p>En pr\u00e9lude \u00e0 une saison 2024-2025 riche en \u00e9v\u00e9nements captivants, cette premi\u00e8re marque le lancement d\u2019un programme mensuel con\u00e7u et port\u00e9 par l&#8217;\u00c9cole du Jeune Spectateur, qui promet de faire d\u00e9couvrir aux enfants et adolescents des \u0153uvres interpr\u00e9t\u00e9es en fran\u00e7ais et en Darija, garantissant un succ\u00e8s culturel largement inclusif, fortement engageant et ouvert \u00e0 tous.<\/p>\n\n\n\n<p>Avec plus de 10 ans d\u2019exp\u00e9rience et plus de 300 repr\u00e9sentations, l&#8217;\u00c9cole du Jeune Spectateur \u0153uvre \u00e0 rendre l\u2019art et la culture accessibles au plus grand nombre, fid\u00e8le \u00e0 son mot d\u2019ordre \u00abLe th\u00e9\u00e2tre pour trous&nbsp;!\u00bb. Soutenue par le minist\u00e8re de la Jeunesse, de la Culture et de la Communication, l\u2019initiative va au-del\u00e0 de la simple pr\u00e9sentation de spectacles; elle propose un accompagnement p\u00e9dagogique complet pour les parents, les enseignants et tous les adultes accompagnent les jeunes au monde du spectacle vivant.<\/p>\n","protected":false},"excerpt":{"rendered":"<p>\u00abTara sur la Lune\u00bb est une merveilleuse repr\u00e9sentation sous forme d\u2019une premi\u00e8re adaptation en Darija d&#8217;un spectacle international pour jeune public mont\u00e9 par l&#8217;\u00c9cole du Jeune Spectateur. L\u2019avant-premi\u00e8re a \u00e9t\u00e9 pr\u00e9sent\u00e9e samedi dernier \u00e0 Casablanca dans une salle archicomble. Apr\u00e8s avoir \u00e9t\u00e9 traduit \u00e0 partir de l\u2019espagnol en mandarin, en anglais et en fran\u00e7ais, ce &hellip;<\/p>\n","protected":false},"author":9,"featured_media":30950,"comment_status":"open","ping_status":"closed","sticky":false,"template":"","format":"standard","meta":{"footnotes":""},"categories":[1379],"tags":[],"class_list":["post-30949","post","type-post","status-publish","format-standard","has-post-thumbnail","hentry","category-art-culture"],"_links":{"self":[{"href":"https:\/\/letempsmag.ma\/index.php?rest_route=\/wp\/v2\/posts\/30949","targetHints":{"allow":["GET"]}}],"collection":[{"href":"https:\/\/letempsmag.ma\/index.php?rest_route=\/wp\/v2\/posts"}],"about":[{"href":"https:\/\/letempsmag.ma\/index.php?rest_route=\/wp\/v2\/types\/post"}],"author":[{"embeddable":true,"href":"https:\/\/letempsmag.ma\/index.php?rest_route=\/wp\/v2\/users\/9"}],"replies":[{"embeddable":true,"href":"https:\/\/letempsmag.ma\/index.php?rest_route=%2Fwp%2Fv2%2Fcomments&post=30949"}],"version-history":[{"count":1,"href":"https:\/\/letempsmag.ma\/index.php?rest_route=\/wp\/v2\/posts\/30949\/revisions"}],"predecessor-version":[{"id":30951,"href":"https:\/\/letempsmag.ma\/index.php?rest_route=\/wp\/v2\/posts\/30949\/revisions\/30951"}],"wp:featuredmedia":[{"embeddable":true,"href":"https:\/\/letempsmag.ma\/index.php?rest_route=\/wp\/v2\/media\/30950"}],"wp:attachment":[{"href":"https:\/\/letempsmag.ma\/index.php?rest_route=%2Fwp%2Fv2%2Fmedia&parent=30949"}],"wp:term":[{"taxonomy":"category","embeddable":true,"href":"https:\/\/letempsmag.ma\/index.php?rest_route=%2Fwp%2Fv2%2Fcategories&post=30949"},{"taxonomy":"post_tag","embeddable":true,"href":"https:\/\/letempsmag.ma\/index.php?rest_route=%2Fwp%2Fv2%2Ftags&post=30949"}],"curies":[{"name":"wp","href":"https:\/\/api.w.org\/{rel}","templated":true}]}}