{"id":30920,"date":"2024-11-13T20:08:24","date_gmt":"2024-11-13T19:08:24","guid":{"rendered":"https:\/\/letempsmag.ma\/?p=30920"},"modified":"2024-11-25T20:09:13","modified_gmt":"2024-11-25T19:09:13","slug":"le-musee-mohammed-vi-dart-moderne-et-contemporain-fete-une-decennie-declat","status":"publish","type":"post","link":"https:\/\/letempsmag.ma\/?p=30920","title":{"rendered":"Le Mus\u00e9e Mohammed VI d\u2019Art Moderne et Contemporain f\u00eate une d\u00e9cennie d\u2019\u00e9clat"},"content":{"rendered":"\n<p>Le Mus\u00e9e Mohammed VI d\u2019 Art Moderne et Contemporain de Rabat, au Maroc f\u00eate ses 10 ans, une d\u00e9cennie de jalons artistiques depuis son ouverture. Au fil des ans, le mus\u00e9e est devenu un lieu culturel incontournable de la capitale marocaine, accueillant plus de 35 expositions majeures mettant en vedette des artistes de renom tels que Picasso, Delacroix et Matisse, aux c\u00f4t\u00e9s de talents marocains c\u00e9l\u00e8bres.<\/p>\n\n\n\n<p>Le Pr\u00e9sident de la Fondation Nationale des Mus\u00e9es, Mehdi Kotbi, \u00e9voque la croissance du mus\u00e9e en soulignant&nbsp;: \u00abM\u00eame dans mes r\u00eaves les plus fous, je n\u2019aurais jamais pu imaginer que nous serions en mesure d\u2019organiser des expositions d\u2019artistes aussi grands et importants que Picasso, Delacroix, Matisse\u2026\u00bb.<\/p>\n\n\n\n<p>Avec de nouvelles expositions en pr\u00e9paration, le mus\u00e9e Mohammed VI continue de s\u2019affirmer comme une plateforme importante pour l\u2019art moderne et contemporain dans les mondes arabe et africain. Les c\u00e9l\u00e9brations de cet anniversaire comprennent deux installations \u00e0 grande \u00e9chelle de l\u2019artiste portugaise Joana Vasconcelos, pr\u00e9sentant des pi\u00e8ces qui \u00e9taient auparavant apparues au ch\u00e2teau de Versailles et \u00e0 la Royal Academy of Arts de Londres.<\/p>\n\n\n\n<p>L\u2019Ambassadeur du Portugal au Maroc, Carlos Marques, a salu\u00e9 le puissant symbolisme des \u0153uvres, d\u00e9crivant les pi\u00e8ces comme des \u00ab guerri\u00e8res mythiques, des femmes fortes \u00bb fabriqu\u00e9es \u00e0 la main par des artisanes.<\/p>\n\n\n\n<p>Le mus\u00e9e accueille actuellement \u00abCobra\u00bb, un serpent \u00e0 plusieurs t\u00eates en forme de r\u00e9trospective du mouvement d\u2019avant-garde de l\u2019apr\u00e8s-Seconde guerre mondiale qui a remis en question les normes artistiques europ\u00e9ennes \u00e0 travers des utilisations exp\u00e9rimentales de la couleur et des th\u00e8mes surr\u00e9alistes. Le Directeur du mus\u00e9e, Mohammed El Idrissi, a d\u00e9clar\u00e9 que l\u2019exposition, ouverte jusqu\u2019au 3 mars 2025, permet aux visiteurs de se plonger dans ce mouvement artistique qui a d\u00e9fi\u00e9 les limites visuelles de son \u00e9poque.<\/p>\n","protected":false},"excerpt":{"rendered":"<p>Le Mus\u00e9e Mohammed VI d\u2019 Art Moderne et Contemporain de Rabat, au Maroc f\u00eate ses 10 ans, une d\u00e9cennie de jalons artistiques depuis son ouverture. Au fil des ans, le mus\u00e9e est devenu un lieu culturel incontournable de la capitale marocaine, accueillant plus de 35 expositions majeures mettant en vedette des artistes de renom tels &hellip;<\/p>\n","protected":false},"author":9,"featured_media":30921,"comment_status":"open","ping_status":"closed","sticky":false,"template":"","format":"standard","meta":{"footnotes":""},"categories":[51],"tags":[],"class_list":["post-30920","post","type-post","status-publish","format-standard","has-post-thumbnail","hentry","category-culture"],"_links":{"self":[{"href":"https:\/\/letempsmag.ma\/index.php?rest_route=\/wp\/v2\/posts\/30920","targetHints":{"allow":["GET"]}}],"collection":[{"href":"https:\/\/letempsmag.ma\/index.php?rest_route=\/wp\/v2\/posts"}],"about":[{"href":"https:\/\/letempsmag.ma\/index.php?rest_route=\/wp\/v2\/types\/post"}],"author":[{"embeddable":true,"href":"https:\/\/letempsmag.ma\/index.php?rest_route=\/wp\/v2\/users\/9"}],"replies":[{"embeddable":true,"href":"https:\/\/letempsmag.ma\/index.php?rest_route=%2Fwp%2Fv2%2Fcomments&post=30920"}],"version-history":[{"count":1,"href":"https:\/\/letempsmag.ma\/index.php?rest_route=\/wp\/v2\/posts\/30920\/revisions"}],"predecessor-version":[{"id":30922,"href":"https:\/\/letempsmag.ma\/index.php?rest_route=\/wp\/v2\/posts\/30920\/revisions\/30922"}],"wp:featuredmedia":[{"embeddable":true,"href":"https:\/\/letempsmag.ma\/index.php?rest_route=\/wp\/v2\/media\/30921"}],"wp:attachment":[{"href":"https:\/\/letempsmag.ma\/index.php?rest_route=%2Fwp%2Fv2%2Fmedia&parent=30920"}],"wp:term":[{"taxonomy":"category","embeddable":true,"href":"https:\/\/letempsmag.ma\/index.php?rest_route=%2Fwp%2Fv2%2Fcategories&post=30920"},{"taxonomy":"post_tag","embeddable":true,"href":"https:\/\/letempsmag.ma\/index.php?rest_route=%2Fwp%2Fv2%2Ftags&post=30920"}],"curies":[{"name":"wp","href":"https:\/\/api.w.org\/{rel}","templated":true}]}}