{"id":30902,"date":"2024-11-13T20:01:44","date_gmt":"2024-11-13T19:01:44","guid":{"rendered":"https:\/\/letempsmag.ma\/?p=30902"},"modified":"2024-11-25T20:02:56","modified_gmt":"2024-11-25T19:02:56","slug":"la-region-marrakech-safi-a-lhonneur-au-salon-wtm-de-londres","status":"publish","type":"post","link":"https:\/\/letempsmag.ma\/?p=30902","title":{"rendered":"La r\u00e9gion Marrakech-Safi \u00e0 l\u2019honneur au Salon WTM de Londres"},"content":{"rendered":"\n<p>La 44<sup>\u00e8me<\/sup> \u00e9dition du Salon mondial du tourisme, World Travel Market (WTM), s\u2019est tenue \u00e0 Londres du 5 au 7 novembre courant avec la participation d\u2019une forte d\u00e9l\u00e9gation de Marrakech. Elle \u00e9tait compos\u00e9e de professionnels du tourisme, repr\u00e9sentants d\u2019associations professionnelles, h\u00f4teliers, agents, de voyages, restaurateurs, ainsi que des repr\u00e9sentants du Conseil de la R\u00e9gion Marrakech-Safi. Marrakech \u00e9tait ainsi \u00e0 l\u2019honneur au sein du stand Maroc.<\/p>\n\n\n\n<p><strong><em>Nouveaux vols et perspectives MICE<\/em><\/strong><\/p>\n\n\n\n<p>Avec le d\u00e9veloppement des connexions a\u00e9riennes renforc\u00e9 par les r\u00e9centes liaisons directes op\u00e9r\u00e9es par Jet2 et Ryanair au d\u00e9part de Manchester, Bristol et Newcastle, le Salon WTM a \u00e9t\u00e9 l\u2019occasion de promouvoir davantage la destination Marrakech et R\u00e9gion aupr\u00e8s du march\u00e9 britannique et plus particuli\u00e8rement le segment MICE (Meetings, Incentives, Conf\u00e9rences, Exhibitions), compte tenu de la croissante demande de la client\u00e8le britannique pour ce segment. Cela, d\u2019autant plus que Marrakech se positionne comme une destination d&#8217;excellence gr\u00e2ce \u00e0 l&#8217;expertise des professionnels et \u00e0 une offre diversifi\u00e9e d&#8217;infrastructures autant modernes qu\u2019authentiques, la ville offre un cadre unique et id\u00e9al pour accueillir des \u00e9v\u00e9nements de grande envergure.<\/p>\n\n\n\n<p><strong><em>Le march\u00e9 britannique tr\u00e8s porteur pour Marrakech<\/em><\/strong><\/p>\n\n\n\n<p>Le Royaume-Uni demeure un march\u00e9 important pour Marrakech, se positionnant en tant que troisi\u00e8me march\u00e9 pour la destination apr\u00e8s les visiteurs nationaux et le march\u00e9 fran\u00e7ais. Pendant la p\u00e9riode de janvier \u00e0 septembre 2024, le march\u00e9 britannique a connu une \u00e9volution de 34% pour les nuit\u00e9es et 39% pour les arriv\u00e9es par rapport \u00e0 la m\u00eame p\u00e9riode en 2023.<\/p>\n\n\n\n<p><strong><em>Le Salon WTM en quelques chiffres&nbsp;:&nbsp;<\/em><\/strong><\/p>\n\n\n\n<p>&#8211; 184 pays repr\u00e9sent\u00e9s, dont le Maroc.<\/p>\n\n\n\n<p>&#8211; 3.875 exposants.<\/p>\n\n\n\n<p>&#8211; Plus de 43.700 participants.<\/p>\n","protected":false},"excerpt":{"rendered":"<p>La 44\u00e8me \u00e9dition du Salon mondial du tourisme, World Travel Market (WTM), s\u2019est tenue \u00e0 Londres du 5 au 7 novembre courant avec la participation d\u2019une forte d\u00e9l\u00e9gation de Marrakech. Elle \u00e9tait compos\u00e9e de professionnels du tourisme, repr\u00e9sentants d\u2019associations professionnelles, h\u00f4teliers, agents, de voyages, restaurateurs, ainsi que des repr\u00e9sentants du Conseil de la R\u00e9gion Marrakech-Safi. &hellip;<\/p>\n","protected":false},"author":9,"featured_media":30903,"comment_status":"open","ping_status":"closed","sticky":false,"template":"","format":"standard","meta":{"footnotes":""},"categories":[27],"tags":[],"class_list":["post-30902","post","type-post","status-publish","format-standard","has-post-thumbnail","hentry","category-tourisme"],"_links":{"self":[{"href":"https:\/\/letempsmag.ma\/index.php?rest_route=\/wp\/v2\/posts\/30902","targetHints":{"allow":["GET"]}}],"collection":[{"href":"https:\/\/letempsmag.ma\/index.php?rest_route=\/wp\/v2\/posts"}],"about":[{"href":"https:\/\/letempsmag.ma\/index.php?rest_route=\/wp\/v2\/types\/post"}],"author":[{"embeddable":true,"href":"https:\/\/letempsmag.ma\/index.php?rest_route=\/wp\/v2\/users\/9"}],"replies":[{"embeddable":true,"href":"https:\/\/letempsmag.ma\/index.php?rest_route=%2Fwp%2Fv2%2Fcomments&post=30902"}],"version-history":[{"count":1,"href":"https:\/\/letempsmag.ma\/index.php?rest_route=\/wp\/v2\/posts\/30902\/revisions"}],"predecessor-version":[{"id":30904,"href":"https:\/\/letempsmag.ma\/index.php?rest_route=\/wp\/v2\/posts\/30902\/revisions\/30904"}],"wp:featuredmedia":[{"embeddable":true,"href":"https:\/\/letempsmag.ma\/index.php?rest_route=\/wp\/v2\/media\/30903"}],"wp:attachment":[{"href":"https:\/\/letempsmag.ma\/index.php?rest_route=%2Fwp%2Fv2%2Fmedia&parent=30902"}],"wp:term":[{"taxonomy":"category","embeddable":true,"href":"https:\/\/letempsmag.ma\/index.php?rest_route=%2Fwp%2Fv2%2Fcategories&post=30902"},{"taxonomy":"post_tag","embeddable":true,"href":"https:\/\/letempsmag.ma\/index.php?rest_route=%2Fwp%2Fv2%2Ftags&post=30902"}],"curies":[{"name":"wp","href":"https:\/\/api.w.org\/{rel}","templated":true}]}}