{"id":30887,"date":"2024-11-14T19:55:37","date_gmt":"2024-11-14T18:55:37","guid":{"rendered":"https:\/\/letempsmag.ma\/?p=30887"},"modified":"2024-11-25T19:56:32","modified_gmt":"2024-11-25T18:56:32","slug":"casablanca-accueille-la-6eme-edition-de-lafrica-food-show","status":"publish","type":"post","link":"https:\/\/letempsmag.ma\/?p=30887","title":{"rendered":"Casablanca accueille la 6\u00e8me \u00e9dition de l\u2019\u00abAfrica Food Show\u00bb"},"content":{"rendered":"\n<p>Du 20 au 22 novembre 2024, le parc des expositions de Casablanca accueillera la 6<sup>\u00e8me<\/sup> \u00e9dition de l\u2019\u00abAfrica Food Show\u00bb (Salon Africain de l&#8217;Alimentation) et de la \u00abChina Trade Week\u00bb (Semaine du Commerce Chinois). Ces deux \u00e9v\u00e9nements majeurs constituent une occasion unique de renforcer les \u00e9changes \u00e9conomiques entre la Chine et l&#8217;Afrique.<\/p>\n\n\n\n<p>Avec la participation de plus de 80 exposants issus de 20 pays, ce double \u00e9v\u00e9nement mettra en lumi\u00e8re des secteurs strat\u00e9giques tels que l&#8217;agriculture, l&#8217;agroalimentaire, les technologies de construction, et les biens de consommation. La tenue conjointe de ces salons ouvrira de nouvelles perspectives de partenariats pour les exposants et les visiteurs internationaux.<\/p>\n\n\n\n<p>Consid\u00e9r\u00e9 comme l&#8217;un des plus grands salons agroalimentaires d&#8217;Afrique, le Salon Africain de l&#8217;Alimentation (habituellement organis\u00e9 au Kenya) se tiendra pour la premi\u00e8re fois au Maroc, soulignant ainsi le r\u00f4le central du Royaume dans les secteurs de l\u2019agriculture et des investissements agricoles \u00e0 l\u2019\u00e9chelle africaine. Cet \u00e9v\u00e9nement t\u00e9moigne des ambitions du Maroc, positionn\u00e9 en tant que hub strat\u00e9gique entre l&#8217;Afrique et l&#8217;Asie, notamment dans les domaines de l\u2019agriculture et de l\u2019alimentation.<\/p>\n\n\n\n<p>La pr\u00e9sence de Kouassi Adjoumani Kobenan, Ministre d&#8217;\u00c9tat et Ministre de l&#8217;Agriculture de la C\u00f4te d&#8217;Ivoire, en tant qu&#8217;invit\u00e9 d&#8217;honneur, marque le d\u00e9but de cette \u00e9dition. \u00c0 cette occasion, des accords de coop\u00e9ration seront sign\u00e9s pour renforcer les relations entre le Maroc et la C\u00f4te d&#8217;Ivoire.<\/p>\n\n\n\n<p>Des conf\u00e9rences abordant l&#8217;avenir des partenariats Asie-Afrique, ainsi que le r\u00f4le du Maroc comme porte d&#8217;entr\u00e9e vers l&#8217;Afrique de l&#8217;Ouest, compl\u00e9teront le programme. Les visiteurs auront \u00e9galement l\u2019opportunit\u00e9 d\u2019assister \u00e0 des d\u00e9monstrations culinaires et de participer \u00e0 des \u00e9v\u00e9nements culturels mettant en valeur la richesse des saveurs mondiales.<\/p>\n\n\n\n<p>Les deux \u00e9v\u00e9nements offrent aux entreprises marocaines une plateforme id\u00e9ale pour d\u00e9velopper des partenariats strat\u00e9giques avec des acteurs internationaux et d\u00e9couvrir les derni\u00e8res innovations dans des secteurs-cl\u00e9s.<\/p>\n\n\n\n<p>Les professionnels int\u00e9ress\u00e9s par ce grand \u00e9v\u00e9nement sont invit\u00e9s \u00e0 s\u2019inscrire sur les sites officiels \u00abwww.afsmorocco.com\u00bb ou \u00abwww.ctwmorocco.com\u00bb pour b\u00e9n\u00e9ficier d&#8217;un acc\u00e8s privil\u00e9gi\u00e9 aux conf\u00e9rences, expositions et ateliers.<\/p>\n","protected":false},"excerpt":{"rendered":"<p>Du 20 au 22 novembre 2024, le parc des expositions de Casablanca accueillera la 6\u00e8me \u00e9dition de l\u2019\u00abAfrica Food Show\u00bb (Salon Africain de l&#8217;Alimentation) et de la \u00abChina Trade Week\u00bb (Semaine du Commerce Chinois). Ces deux \u00e9v\u00e9nements majeurs constituent une occasion unique de renforcer les \u00e9changes \u00e9conomiques entre la Chine et l&#8217;Afrique. Avec la participation &hellip;<\/p>\n","protected":false},"author":9,"featured_media":30888,"comment_status":"open","ping_status":"closed","sticky":false,"template":"","format":"standard","meta":{"footnotes":""},"categories":[1067],"tags":[],"class_list":["post-30887","post","type-post","status-publish","format-standard","has-post-thumbnail","hentry","category-salons"],"_links":{"self":[{"href":"https:\/\/letempsmag.ma\/index.php?rest_route=\/wp\/v2\/posts\/30887","targetHints":{"allow":["GET"]}}],"collection":[{"href":"https:\/\/letempsmag.ma\/index.php?rest_route=\/wp\/v2\/posts"}],"about":[{"href":"https:\/\/letempsmag.ma\/index.php?rest_route=\/wp\/v2\/types\/post"}],"author":[{"embeddable":true,"href":"https:\/\/letempsmag.ma\/index.php?rest_route=\/wp\/v2\/users\/9"}],"replies":[{"embeddable":true,"href":"https:\/\/letempsmag.ma\/index.php?rest_route=%2Fwp%2Fv2%2Fcomments&post=30887"}],"version-history":[{"count":1,"href":"https:\/\/letempsmag.ma\/index.php?rest_route=\/wp\/v2\/posts\/30887\/revisions"}],"predecessor-version":[{"id":30889,"href":"https:\/\/letempsmag.ma\/index.php?rest_route=\/wp\/v2\/posts\/30887\/revisions\/30889"}],"wp:featuredmedia":[{"embeddable":true,"href":"https:\/\/letempsmag.ma\/index.php?rest_route=\/wp\/v2\/media\/30888"}],"wp:attachment":[{"href":"https:\/\/letempsmag.ma\/index.php?rest_route=%2Fwp%2Fv2%2Fmedia&parent=30887"}],"wp:term":[{"taxonomy":"category","embeddable":true,"href":"https:\/\/letempsmag.ma\/index.php?rest_route=%2Fwp%2Fv2%2Fcategories&post=30887"},{"taxonomy":"post_tag","embeddable":true,"href":"https:\/\/letempsmag.ma\/index.php?rest_route=%2Fwp%2Fv2%2Ftags&post=30887"}],"curies":[{"name":"wp","href":"https:\/\/api.w.org\/{rel}","templated":true}]}}