{"id":30877,"date":"2024-11-15T19:50:43","date_gmt":"2024-11-15T18:50:43","guid":{"rendered":"https:\/\/letempsmag.ma\/?p=30877"},"modified":"2024-11-25T19:51:36","modified_gmt":"2024-11-25T18:51:36","slug":"quand-lart-sinvite-en-residence-la-fondation-banque-populaire-plebiscite-trois-jeunes-createurs","status":"publish","type":"post","link":"https:\/\/letempsmag.ma\/?p=30877","title":{"rendered":"\u00abQuand l\u2019art s\u2019invite en r\u00e9sidence\u00bb\u00a0: la Fondation Banque Populaire pl\u00e9biscite trois jeunes cr\u00e9ateurs"},"content":{"rendered":"\n<p>La Galerie Banque Populaire de Rabat vient d\u2019inaugurer sa nouvelle saison culturelle et artistique en accueillant, jusqu\u2019au 28 f\u00e9vrier 2025, l\u2019exposition \u00abQuand l\u2019Art s\u2019invite en r\u00e9sidence\u00bb, point d\u2019orgue de la 3<sup>\u00e8me<\/sup> \u00e9dition de la R\u00e9sidence artistique organis\u00e9e par la Fondation Banque Populaire.<\/p>\n\n\n\n<p>Le vernissage a \u00e9t\u00e9 l\u2019occasion de r\u00e9compenser les trois meilleures toiles expos\u00e9es parmi celles des huit jeunes talents ayant particip\u00e9 \u00e0 la r\u00e9sidence. Cet \u00e9v\u00e9nement a vu la pr\u00e9sence de Naziha Belkeziz, Pr\u00e9sidente-Directrice G\u00e9n\u00e9rale du groupe Banque Centrale Populaire (BCP), Kamal Mokdad, Directeur G\u00e9n\u00e9ral du groupe BCP, Jalil Sebti, Directeur G\u00e9n\u00e9ral de la Banque Commerciale \u00e0 la BCP, Adil Rzal, Pr\u00e9sident du Directoire de la Banque Populaire de Rabat-K\u00e9nitra, Houda La\u00e2raj, Secr\u00e9taire G\u00e9n\u00e9rale de le Fondation Banque Populaire, ainsi que de plusieurs personnalit\u00e9s du monde de l\u2019art, de l\u2019\u00e9conomie et de la politique.<\/p>\n\n\n\n<p>Appelons que le Centre de Vacances de la Banque Populaire \u00e0 Bouznika a r\u00e9uni, l\u2019\u00e9t\u00e9 dernier, 8 jeunes artistes talentueux, issus de l\u2019Institut des Beaux-Arts de T\u00e9touan et de l\u2019\u00c9cole Sup\u00e9rieure des Beaux-Arts de Casablanca. Ainsi, Fatima-Ezzahra Khilad, Imane La\u00e2ribi, Dounia Tabti, Ibtissam Zahir, Zouhair Chihad, Mouad El Bissaoui, Soufiane Mezraoui et Soufiane Nait Addi, ont travaill\u00e9 autour du th\u00e8me \u00abLe Monde de demain\u00bb. Encadr\u00e9s par des professionnels de renom, ces jeunes cr\u00e9ateurs ont b\u00e9n\u00e9fici\u00e9 de trois semaines, de Master Classes et d\u2019ateliers de s\u00e9rigraphie et de poterie, le tout agr\u00e9ment\u00e9 de visites de mus\u00e9es et de galeries pour nourrir leur r\u00e9flexion artistique. Ce cadre inspirant leur a offert la libert\u00e9 d\u2019explorer diverses approches en accord avec leurs sensibilit\u00e9s artistiques.<\/p>\n\n\n\n<p>S\u00e9lectionn\u00e9s pour leurs qualit\u00e9s techniques et artistiques ainsi que l\u2019originalit\u00e9 et l\u2019innovation de leurs travaux, ces jeunes talents ont vu leurs \u0153uvres pr\u00e9sent\u00e9es au grand public, offrant une vitrine de leur talent et de leur vision artistique. Trois artistes se sont distingu\u00e9s et ont re\u00e7u, lors du vernissage de l\u2019exposition \u00abQuand l\u2019Art s\u2019invite en r\u00e9sidence\u00bb, le Prix Fondation Banque Populaire&nbsp;: Soufiane Nait Addi, Zouheir Chihad et Imane La\u00e2ribi, r\u00e9compens\u00e9s respectivement avec 50.000 DH, 30.000 DH et 20.000 DH.<\/p>\n","protected":false},"excerpt":{"rendered":"<p>La Galerie Banque Populaire de Rabat vient d\u2019inaugurer sa nouvelle saison culturelle et artistique en accueillant, jusqu\u2019au 28 f\u00e9vrier 2025, l\u2019exposition \u00abQuand l\u2019Art s\u2019invite en r\u00e9sidence\u00bb, point d\u2019orgue de la 3\u00e8me \u00e9dition de la R\u00e9sidence artistique organis\u00e9e par la Fondation Banque Populaire. Le vernissage a \u00e9t\u00e9 l\u2019occasion de r\u00e9compenser les trois meilleures toiles expos\u00e9es parmi &hellip;<\/p>\n","protected":false},"author":9,"featured_media":30878,"comment_status":"open","ping_status":"closed","sticky":false,"template":"","format":"standard","meta":{"footnotes":""},"categories":[177],"tags":[],"class_list":["post-30877","post","type-post","status-publish","format-standard","has-post-thumbnail","hentry","category-mecenat"],"_links":{"self":[{"href":"https:\/\/letempsmag.ma\/index.php?rest_route=\/wp\/v2\/posts\/30877","targetHints":{"allow":["GET"]}}],"collection":[{"href":"https:\/\/letempsmag.ma\/index.php?rest_route=\/wp\/v2\/posts"}],"about":[{"href":"https:\/\/letempsmag.ma\/index.php?rest_route=\/wp\/v2\/types\/post"}],"author":[{"embeddable":true,"href":"https:\/\/letempsmag.ma\/index.php?rest_route=\/wp\/v2\/users\/9"}],"replies":[{"embeddable":true,"href":"https:\/\/letempsmag.ma\/index.php?rest_route=%2Fwp%2Fv2%2Fcomments&post=30877"}],"version-history":[{"count":1,"href":"https:\/\/letempsmag.ma\/index.php?rest_route=\/wp\/v2\/posts\/30877\/revisions"}],"predecessor-version":[{"id":30879,"href":"https:\/\/letempsmag.ma\/index.php?rest_route=\/wp\/v2\/posts\/30877\/revisions\/30879"}],"wp:featuredmedia":[{"embeddable":true,"href":"https:\/\/letempsmag.ma\/index.php?rest_route=\/wp\/v2\/media\/30878"}],"wp:attachment":[{"href":"https:\/\/letempsmag.ma\/index.php?rest_route=%2Fwp%2Fv2%2Fmedia&parent=30877"}],"wp:term":[{"taxonomy":"category","embeddable":true,"href":"https:\/\/letempsmag.ma\/index.php?rest_route=%2Fwp%2Fv2%2Fcategories&post=30877"},{"taxonomy":"post_tag","embeddable":true,"href":"https:\/\/letempsmag.ma\/index.php?rest_route=%2Fwp%2Fv2%2Ftags&post=30877"}],"curies":[{"name":"wp","href":"https:\/\/api.w.org\/{rel}","templated":true}]}}