{"id":30853,"date":"2024-11-19T19:30:06","date_gmt":"2024-11-19T18:30:06","guid":{"rendered":"https:\/\/letempsmag.ma\/?p=30853"},"modified":"2024-11-25T19:30:48","modified_gmt":"2024-11-25T18:30:48","slug":"la-bibliotheque-nationale-a-rabat-accueille-lexposition-itinerante-planet-africa","status":"publish","type":"post","link":"https:\/\/letempsmag.ma\/?p=30853","title":{"rendered":"La Biblioth\u00e8que Nationale \u00e0 Rabat accueille l\u2019exposition itin\u00e9rante \u00abPlanet Africa\u00bb"},"content":{"rendered":"\n<p>La Biblioth\u00e8que Nationale du Royaume du Maroc, \u00e0 Rabat, abrite \u00e0 partir d\u2019aujourd\u2019hui 19 jusqu\u2019au 27 novembre courant l\u2019exposition itin\u00e9rante \u00abPlanet Africa&nbsp;: un voyage arch\u00e9ologique dans le temps\u00bb, annonce le minist\u00e8re de la Jeunesse, de la Culture et de la Communication et l\u2019ambassade de la R\u00e9publique F\u00e9d\u00e9rale d\u2019Allemagne.<\/p>\n\n\n\n<p>Initi\u00e9e par l\u2019Institut National des Sciences de l\u2019Arch\u00e9ologie et du Patrimoine (INSAP) et la Commission pour l\u2019Arch\u00e9ologie et les Cultures Extra-Europ\u00e9ennes de l\u2019Institut arch\u00e9ologique allemand (DAI), cette exposition s\u2019inscrit dans le cadre de la coop\u00e9ration germano-africaine, indiquent les organisateurs dans un communiqu\u00e9.<\/p>\n\n\n\n<p>L\u2019exposition entamera sa tourn\u00e9e au Maroc, premier pays h\u00f4te, avant de faire escale dans plusieurs autres pays du continent africain, dont le Mozambique, le Soudan, le Nig\u00e9ria, le Kenya et le Ghana.<\/p>\n\n\n\n<p>\u00abPlanet Africa\u00bb vise \u00e0 mettre en lumi\u00e8re les r\u00e9sultats majeurs des recherches arch\u00e9ologiques conduites au cours des quatre derni\u00e8res d\u00e9cennies par des missions scientifiques conjointes africaines et allemandes, mettant en avant la richesse de l\u2019h\u00e9ritage arch\u00e9ologique africain. L\u2019exposition s\u2019articule autour de six th\u00e9matiques qui invitent \u00e0 un voyage au c\u0153ur des d\u00e9couvertes arch\u00e9ologiques les plus marquantes \u00e0 savoir&nbsp;:<\/p>\n\n\n\n<p>&#8211; \u00abDiversit\u00e9\u00bb en mettant en lumi\u00e8re la richesse naturelle issue de la diversit\u00e9.<\/p>\n\n\n\n<p>&#8211; \u00abDevenir humain\u00bb pour explorer les premiers pas d\u00e9cisifs de l\u2019humanit\u00e9.<\/p>\n\n\n\n<p>&#8211; \u00abSavoir-faire\u00bb d\u00e9di\u00e9 \u00e0 l\u2019agilit\u00e9 du savoir et \u00e0 la flexibilit\u00e9 des techniques.<\/p>\n\n\n\n<p>&#8211; \u00abSignes et images\u00bb consacr\u00e9 \u00e0 la visualisation des savoirs.<\/p>\n\n\n\n<p>&#8211; \u00abRessources\u00bb abordant les dynamiques d\u2019\u00e9change, de commerce et de pouvoir.<\/p>\n\n\n\n<p>&#8211; \u00abNouvelles perspectives\u00bb qui offre un regard actuel sur l\u2019arch\u00e9ologie africaine.<\/p>\n\n\n\n<p>\u00c0 travers ces six modules, se r\u00e9v\u00e8le le panorama d\u2019un continent captivant par la richesse de sa diversit\u00e9 naturelle, son art et ses savoir-faire techniques et o\u00f9, au fil des mill\u00e9naires, les populations africaines ont su s\u2019adapter aux fluctuations environnementales, d\u00e9montrant une remarquable r\u00e9silience, indique la m\u00eame source.<\/p>\n\n\n\n<p>En parall\u00e8le \u00e0 cette exposition itin\u00e9rante, une programmation-satellite a \u00e9t\u00e9 con\u00e7ue, comprenant une conf\u00e9rence scientifique favorisant les \u00e9changes entre chercheurs marocains et allemands pour approfondir les r\u00e9flexions sur les r\u00e9sultats des recherches arch\u00e9ologiques en Afrique, ainsi qu\u2019une excursion scientifique d\u00e9di\u00e9e aux participants, leur permettant de d\u00e9couvrir les sites arch\u00e9ologiques et patrimoniaux de Rabat et de T\u00e9mara.<\/p>\n","protected":false},"excerpt":{"rendered":"<p>La Biblioth\u00e8que Nationale du Royaume du Maroc, \u00e0 Rabat, abrite \u00e0 partir d\u2019aujourd\u2019hui 19 jusqu\u2019au 27 novembre courant l\u2019exposition itin\u00e9rante \u00abPlanet Africa&nbsp;: un voyage arch\u00e9ologique dans le temps\u00bb, annonce le minist\u00e8re de la Jeunesse, de la Culture et de la Communication et l\u2019ambassade de la R\u00e9publique F\u00e9d\u00e9rale d\u2019Allemagne. Initi\u00e9e par l\u2019Institut National des Sciences de &hellip;<\/p>\n","protected":false},"author":9,"featured_media":30855,"comment_status":"open","ping_status":"closed","sticky":false,"template":"","format":"standard","meta":{"footnotes":""},"categories":[51],"tags":[],"class_list":["post-30853","post","type-post","status-publish","format-standard","has-post-thumbnail","hentry","category-culture"],"_links":{"self":[{"href":"https:\/\/letempsmag.ma\/index.php?rest_route=\/wp\/v2\/posts\/30853","targetHints":{"allow":["GET"]}}],"collection":[{"href":"https:\/\/letempsmag.ma\/index.php?rest_route=\/wp\/v2\/posts"}],"about":[{"href":"https:\/\/letempsmag.ma\/index.php?rest_route=\/wp\/v2\/types\/post"}],"author":[{"embeddable":true,"href":"https:\/\/letempsmag.ma\/index.php?rest_route=\/wp\/v2\/users\/9"}],"replies":[{"embeddable":true,"href":"https:\/\/letempsmag.ma\/index.php?rest_route=%2Fwp%2Fv2%2Fcomments&post=30853"}],"version-history":[{"count":1,"href":"https:\/\/letempsmag.ma\/index.php?rest_route=\/wp\/v2\/posts\/30853\/revisions"}],"predecessor-version":[{"id":30854,"href":"https:\/\/letempsmag.ma\/index.php?rest_route=\/wp\/v2\/posts\/30853\/revisions\/30854"}],"wp:featuredmedia":[{"embeddable":true,"href":"https:\/\/letempsmag.ma\/index.php?rest_route=\/wp\/v2\/media\/30855"}],"wp:attachment":[{"href":"https:\/\/letempsmag.ma\/index.php?rest_route=%2Fwp%2Fv2%2Fmedia&parent=30853"}],"wp:term":[{"taxonomy":"category","embeddable":true,"href":"https:\/\/letempsmag.ma\/index.php?rest_route=%2Fwp%2Fv2%2Fcategories&post=30853"},{"taxonomy":"post_tag","embeddable":true,"href":"https:\/\/letempsmag.ma\/index.php?rest_route=%2Fwp%2Fv2%2Ftags&post=30853"}],"curies":[{"name":"wp","href":"https:\/\/api.w.org\/{rel}","templated":true}]}}