{"id":30842,"date":"2024-11-21T19:17:40","date_gmt":"2024-11-21T18:17:40","guid":{"rendered":"https:\/\/letempsmag.ma\/?p=30842"},"modified":"2024-11-25T19:31:33","modified_gmt":"2024-11-25T18:31:33","slug":"le-groupe-una-organise-a-casablanca-un-colloque-international-sur-la-gouvernance-et-linnovation-territoriale","status":"publish","type":"post","link":"https:\/\/letempsmag.ma\/?p=30842","title":{"rendered":"Le Groupe UNA organise \u00e0 Casablanca un colloque international sur la gouvernance et l\u2019innovation territoriale"},"content":{"rendered":"\n<p>Les 22 et 23 novembre courant, Casablanca devient le carrefour des experts internationaux en d\u00e9veloppement r\u00e9gional, \u00e0 l\u2019occasion d\u2019un colloque organis\u00e9 par le Groupe Atlantique UNA, avec le soutien de l\u2019Association des R\u00e9gions du Maroc (ARM) et la collaboration de partenaires de renom tels que l\u2019\u00c9cole Nationale d\u2019Administration (ENA) de C\u00f4te d\u2019Ivoire.<br>Cet \u00e9v\u00e9nement, qui se tient sous le th\u00e8me \u00abD\u00e9veloppement r\u00e9gional : Gouvernance et Innovation\u00bb, r\u00e9unira d\u00e9cideurs, chercheurs et praticiens pour d\u00e9battre des enjeux cruciaux de la gouvernance territoriale et de la r\u00e9gionalisation avanc\u00e9e.<br>La c\u00e9r\u00e9monie d\u2019ouverture d\u00e9butera par le speech de bienvenue du Pr\u00e9sident de l\u2019UNA, le Pr Rachid M\u2019rabet, suivie des allocutions de personnalit\u00e9s influentes telles que Mbarka Bouaida, Pr\u00e9sidente de l\u2019ARM, mettront en lumi\u00e8re les d\u00e9fis et perspectives de la r\u00e9gionalisation avanc\u00e9e au Maroc, un processus central pour une gouvernance inclusive et innovante.<br>La signature d\u2019une convention entre le groupe UNA et l\u2019ENA de C\u00f4te d\u2019Ivoire marquera \u00e9galement une \u00e9tape importante dans la coop\u00e9ration interafricaine en mati\u00e8re de gouvernance territoriale.<br>Sur deux jours, le colloque propose des conf\u00e9rences pl\u00e9ni\u00e8res, des panels et des ateliers interactifs couvrant des sujets vari\u00e9s :<\/p>\n\n\n\n<blockquote class=\"wp-block-quote is-layout-flow wp-block-quote-is-layout-flow\">\n<blockquote class=\"wp-block-quote is-layout-flow wp-block-quote-is-layout-flow\">\n<p>Vendredi 22 novembre :<\/p>\n\n\n\n<ul class=\"wp-block-list\">\n<li>Une session d\u00e9di\u00e9e \u00e0 l\u2019\u00e9tat des lieux de la r\u00e9gionalisation au Maroc, avec des interventions des experts Pr Abdelouahed Ourzik et Pr Abdellatif Ma\u00e2zouz<\/li>\n\n\n\n<li>Des d\u00e9bats sur la gouvernance et le d\u00e9veloppement territorial, o\u00f9 des chercheurs tels que Pr Larabi Ja\u00efdi et des praticiens comme Adnan Debbarh discuteront de la participation citoyenne et de l\u2019intelligence territoriale.<\/li>\n\n\n\n<li>Des ateliers th\u00e9matiques ax\u00e9s sur la fiscalit\u00e9 territoriale, la planification et les in\u00e9galit\u00e9s.<\/li> <br>Samedi 23 novembre :\n\n\n\n<li>Des ateliers approfondiront les questions de gouvernance territoriale, d\u2019autonomie des collectivit\u00e9s, et d\u2019innovation dans les pratiques de gouvernance.<\/li>\n\n\n\n<li>Des sujets strat\u00e9giques tels que la mobilit\u00e9 durable, l\u2019attractivit\u00e9 territoriale, et la protection des \u00e9cosyst\u00e8mes seront \u00e9galement abord\u00e9s.<br>Cet important colloque s\u2019inscrit dans une dynamique visant \u00e0 renforcer les capacit\u00e9s des collectivit\u00e9s territoriales au Maroc et \u00e0 promouvoir un mod\u00e8le de gouvernance inspir\u00e9 des meilleures pratiques internationales. En r\u00e9unissant des acteurs africains et europ\u00e9ens, il ambitionne de poser les bases d\u2019une coop\u00e9ration renforc\u00e9e pour relever les d\u00e9fis communs du d\u00e9veloppement territorial.<br>Pour toute information, le public peut consulter le site officiel <a href=\"http:\/\/www.una.ma\">www.una.ma<\/a> ou contacter l\u2019organisation par e-mail \u00e0 colloque@una.ma.<\/li>\n<\/ul>\n<\/blockquote>\n<\/blockquote>\n","protected":false},"excerpt":{"rendered":"<p>Les 22 et 23 novembre courant, Casablanca devient le carrefour des experts internationaux en d\u00e9veloppement r\u00e9gional, \u00e0 l\u2019occasion d\u2019un colloque organis\u00e9 par le Groupe Atlantique UNA, avec le soutien de l\u2019Association des R\u00e9gions du Maroc (ARM) et la collaboration de partenaires de renom tels que l\u2019\u00c9cole Nationale d\u2019Administration (ENA) de C\u00f4te d\u2019Ivoire.Cet \u00e9v\u00e9nement, qui se &hellip;<\/p>\n","protected":false},"author":9,"featured_media":30841,"comment_status":"open","ping_status":"closed","sticky":false,"template":"","format":"standard","meta":{"footnotes":""},"categories":[492],"tags":[],"class_list":["post-30842","post","type-post","status-publish","format-standard","has-post-thumbnail","hentry","category-forum"],"_links":{"self":[{"href":"https:\/\/letempsmag.ma\/index.php?rest_route=\/wp\/v2\/posts\/30842","targetHints":{"allow":["GET"]}}],"collection":[{"href":"https:\/\/letempsmag.ma\/index.php?rest_route=\/wp\/v2\/posts"}],"about":[{"href":"https:\/\/letempsmag.ma\/index.php?rest_route=\/wp\/v2\/types\/post"}],"author":[{"embeddable":true,"href":"https:\/\/letempsmag.ma\/index.php?rest_route=\/wp\/v2\/users\/9"}],"replies":[{"embeddable":true,"href":"https:\/\/letempsmag.ma\/index.php?rest_route=%2Fwp%2Fv2%2Fcomments&post=30842"}],"version-history":[{"count":1,"href":"https:\/\/letempsmag.ma\/index.php?rest_route=\/wp\/v2\/posts\/30842\/revisions"}],"predecessor-version":[{"id":30843,"href":"https:\/\/letempsmag.ma\/index.php?rest_route=\/wp\/v2\/posts\/30842\/revisions\/30843"}],"wp:featuredmedia":[{"embeddable":true,"href":"https:\/\/letempsmag.ma\/index.php?rest_route=\/wp\/v2\/media\/30841"}],"wp:attachment":[{"href":"https:\/\/letempsmag.ma\/index.php?rest_route=%2Fwp%2Fv2%2Fmedia&parent=30842"}],"wp:term":[{"taxonomy":"category","embeddable":true,"href":"https:\/\/letempsmag.ma\/index.php?rest_route=%2Fwp%2Fv2%2Fcategories&post=30842"},{"taxonomy":"post_tag","embeddable":true,"href":"https:\/\/letempsmag.ma\/index.php?rest_route=%2Fwp%2Fv2%2Ftags&post=30842"}],"curies":[{"name":"wp","href":"https:\/\/api.w.org\/{rel}","templated":true}]}}