{"id":30609,"date":"2024-09-20T10:50:31","date_gmt":"2024-09-20T09:50:31","guid":{"rendered":"https:\/\/letempsmag.ma\/?p=30609"},"modified":"2024-09-20T10:50:32","modified_gmt":"2024-09-20T09:50:32","slug":"les-far-deploient-2-avions-canadair-au-portugal-pour-lutter-contre-les-feux-de-forets","status":"publish","type":"post","link":"https:\/\/letempsmag.ma\/?p=30609","title":{"rendered":"Les FAR d\u00e9ploient 2 avions \u00abCanadair\u00bb au Portugal pour lutter contre les feux de for\u00eats"},"content":{"rendered":"\n<p>Sur hautes instructions de S.M. le Roi Mohammed VI, Chef Supr\u00eame et Chef d\u2019\u00c9tat-Major G\u00e9n\u00e9ral des Forces Arm\u00e9es Royales, deux avions \u00abCanadair\u00bb et un avion de soutien de type \u00abCasa\u00bb, ont \u00e9t\u00e9 d\u00e9ploy\u00e9s le 18 septembre courant en direction de Monte Real au Portugal, pour contribuer \u00e0 l\u2019effort des autorit\u00e9s portugaises dans la lutte contre les feux de for\u00eat dans le nord du pays, dans une action commune \u00e0 laquelle prennent \u00e9galement part des avions espagnols, fran\u00e7ais et italiens.<\/p>\n\n\n\n<p>Quatre \u00e9quipages et une \u00e9quipe technique, de l\u2019Escadron de lutte anti feu de la 3<sup>\u00e8me<\/sup> Base A\u00e9rienne des Forces Royales Air, ont \u00e9galement \u00e9t\u00e9 mobilis\u00e9s dans le cadre de cette mission qui intervient en r\u00e9ponse \u00e0 la demande de soutien formul\u00e9e par les autorit\u00e9s du pays, indique un communiqu\u00e9 de l\u2019\u00c9tat-major G\u00e9n\u00e9ral des Forces Arm\u00e9es Royales.<\/p>\n\n\n\n<p>Depuis 2012, les avions \u00abCanadair\u00bb des Forces Royales Air ont particip\u00e9 en Espagne, au Portugal et en Italie dans la lutte contre les feux de for\u00eats dans ces pays. Au Portugal notamment, o\u00f9 le Maroc intervient pour la 3<sup>\u00e8me<\/sup> fois depuis 2016, les avions marocains ont effectu\u00e9, durant leurs interventions en 2016 et 2017, environ 70 sorties en 230 heures de vol. La participation r\u00e9currente du Maroc dans la lutte contre les feux de for\u00eat au Portugal t\u00e9moigne des liens profonds de solidarit\u00e9 et de coop\u00e9ration qui existent entre les deux pays et couvrant plusieurs domaines d\u2019int\u00e9r\u00eat commun, selon la m\u00eame source.<\/p>\n","protected":false},"excerpt":{"rendered":"<p>Sur hautes instructions de S.M. le Roi Mohammed VI, Chef Supr\u00eame et Chef d\u2019\u00c9tat-Major G\u00e9n\u00e9ral des Forces Arm\u00e9es Royales, deux avions \u00abCanadair\u00bb et un avion de soutien de type \u00abCasa\u00bb, ont \u00e9t\u00e9 d\u00e9ploy\u00e9s le 18 septembre courant en direction de Monte Real au Portugal, pour contribuer \u00e0 l\u2019effort des autorit\u00e9s portugaises dans la lutte contre &hellip;<\/p>\n","protected":false},"author":9,"featured_media":30611,"comment_status":"open","ping_status":"closed","sticky":false,"template":"","format":"standard","meta":{"footnotes":""},"categories":[203],"tags":[],"class_list":["post-30609","post","type-post","status-publish","format-standard","has-post-thumbnail","hentry","category-cooperation"],"_links":{"self":[{"href":"https:\/\/letempsmag.ma\/index.php?rest_route=\/wp\/v2\/posts\/30609","targetHints":{"allow":["GET"]}}],"collection":[{"href":"https:\/\/letempsmag.ma\/index.php?rest_route=\/wp\/v2\/posts"}],"about":[{"href":"https:\/\/letempsmag.ma\/index.php?rest_route=\/wp\/v2\/types\/post"}],"author":[{"embeddable":true,"href":"https:\/\/letempsmag.ma\/index.php?rest_route=\/wp\/v2\/users\/9"}],"replies":[{"embeddable":true,"href":"https:\/\/letempsmag.ma\/index.php?rest_route=%2Fwp%2Fv2%2Fcomments&post=30609"}],"version-history":[{"count":1,"href":"https:\/\/letempsmag.ma\/index.php?rest_route=\/wp\/v2\/posts\/30609\/revisions"}],"predecessor-version":[{"id":30610,"href":"https:\/\/letempsmag.ma\/index.php?rest_route=\/wp\/v2\/posts\/30609\/revisions\/30610"}],"wp:featuredmedia":[{"embeddable":true,"href":"https:\/\/letempsmag.ma\/index.php?rest_route=\/wp\/v2\/media\/30611"}],"wp:attachment":[{"href":"https:\/\/letempsmag.ma\/index.php?rest_route=%2Fwp%2Fv2%2Fmedia&parent=30609"}],"wp:term":[{"taxonomy":"category","embeddable":true,"href":"https:\/\/letempsmag.ma\/index.php?rest_route=%2Fwp%2Fv2%2Fcategories&post=30609"},{"taxonomy":"post_tag","embeddable":true,"href":"https:\/\/letempsmag.ma\/index.php?rest_route=%2Fwp%2Fv2%2Ftags&post=30609"}],"curies":[{"name":"wp","href":"https:\/\/api.w.org\/{rel}","templated":true}]}}