{"id":30584,"date":"2024-09-19T10:58:00","date_gmt":"2024-09-19T09:58:00","guid":{"rendered":"https:\/\/letempsmag.ma\/?p=30584"},"modified":"2024-09-19T10:58:01","modified_gmt":"2024-09-19T09:58:01","slug":"marrakech-accueille-une-tres-belle-exposition-lumiere-nouvelle","status":"publish","type":"post","link":"https:\/\/letempsmag.ma\/?p=30584","title":{"rendered":"Marrakech accueille une tr\u00e8s belle exposition \u00abLumi\u00e8re Nouvelle\u00bb"},"content":{"rendered":"\n<p>Un nouvel horizon cr\u00e9atif s\u2019ouvre \u00e0 Marrakech avec le lancement de l\u2019exposition \u00abLumi\u00e8re Nouvelle\u00bb au Studio Sana Benzaitar. L\u2019\u00e9v\u00e9nement, qui se d\u00e9roulera du 27 septembre courant au 3 novembre prochain, propose une exp\u00e9rience artistique immersive orchestr\u00e9e par la cr\u00e9atrice Yasmine Bennani (photo).<\/p>\n\n\n\n<p>Le Studio Sana Benzaitar, en collaboration avec la Galerie Inspiration Design BY, invite les passionn\u00e9s d&#8217;art et de design \u00e0 entrer dans un monde o\u00f9 chaque \u0153uvre \u00e9voque une narration unique. Au c\u0153ur de cette exposition, l\u2019artiste n\u00e9erlandais Eelco Hilgersom se distingue par sa capacit\u00e9 \u00e0 r\u00e9inventer le design. Les visiteurs auront \u00e9galement l\u2019occasion de d\u00e9couvrir des pi\u00e8ces embl\u00e9matiques de mobilier et d\u2019art d\u00e9coratif issues de la collection de la Galerie Inspiration Design BY, ainsi qu\u2019une collection exclusive de tapis, \u00e9galement intitul\u00e9e \u00abLumi\u00e8re Nouvelle\u00bb, con\u00e7ue par Yasmine Bennani.<\/p>\n\n\n\n<p>Situ\u00e9 en plein c\u0153ur de Marrakech, le Studio Sana Benzaitar est reconnu pour son approche innovante, alliant savoir-faire traditionnel et esth\u00e9tique moderne dans le tissage de tapis marocains. La Galerie Inspiration Design BY, fond\u00e9e par Yasmine Bennani \u00e0 Casablanca, se sp\u00e9cialise dans le mobilier et les arts d\u00e9coratifs, mettant en lumi\u00e8re \u00e0 la fois des talents internationaux et marocains.<\/p>\n\n\n\n<p><strong>L. F.<\/strong><\/p>\n","protected":false},"excerpt":{"rendered":"<p>Un nouvel horizon cr\u00e9atif s\u2019ouvre \u00e0 Marrakech avec le lancement de l\u2019exposition \u00abLumi\u00e8re Nouvelle\u00bb au Studio Sana Benzaitar. L\u2019\u00e9v\u00e9nement, qui se d\u00e9roulera du 27 septembre courant au 3 novembre prochain, propose une exp\u00e9rience artistique immersive orchestr\u00e9e par la cr\u00e9atrice Yasmine Bennani (photo). Le Studio Sana Benzaitar, en collaboration avec la Galerie Inspiration Design BY, invite &hellip;<\/p>\n","protected":false},"author":9,"featured_media":30586,"comment_status":"open","ping_status":"closed","sticky":false,"template":"","format":"standard","meta":{"footnotes":""},"categories":[70],"tags":[],"class_list":["post-30584","post","type-post","status-publish","format-standard","has-post-thumbnail","hentry","category-arts"],"_links":{"self":[{"href":"https:\/\/letempsmag.ma\/index.php?rest_route=\/wp\/v2\/posts\/30584","targetHints":{"allow":["GET"]}}],"collection":[{"href":"https:\/\/letempsmag.ma\/index.php?rest_route=\/wp\/v2\/posts"}],"about":[{"href":"https:\/\/letempsmag.ma\/index.php?rest_route=\/wp\/v2\/types\/post"}],"author":[{"embeddable":true,"href":"https:\/\/letempsmag.ma\/index.php?rest_route=\/wp\/v2\/users\/9"}],"replies":[{"embeddable":true,"href":"https:\/\/letempsmag.ma\/index.php?rest_route=%2Fwp%2Fv2%2Fcomments&post=30584"}],"version-history":[{"count":1,"href":"https:\/\/letempsmag.ma\/index.php?rest_route=\/wp\/v2\/posts\/30584\/revisions"}],"predecessor-version":[{"id":30585,"href":"https:\/\/letempsmag.ma\/index.php?rest_route=\/wp\/v2\/posts\/30584\/revisions\/30585"}],"wp:featuredmedia":[{"embeddable":true,"href":"https:\/\/letempsmag.ma\/index.php?rest_route=\/wp\/v2\/media\/30586"}],"wp:attachment":[{"href":"https:\/\/letempsmag.ma\/index.php?rest_route=%2Fwp%2Fv2%2Fmedia&parent=30584"}],"wp:term":[{"taxonomy":"category","embeddable":true,"href":"https:\/\/letempsmag.ma\/index.php?rest_route=%2Fwp%2Fv2%2Fcategories&post=30584"},{"taxonomy":"post_tag","embeddable":true,"href":"https:\/\/letempsmag.ma\/index.php?rest_route=%2Fwp%2Fv2%2Ftags&post=30584"}],"curies":[{"name":"wp","href":"https:\/\/api.w.org\/{rel}","templated":true}]}}