{"id":30571,"date":"2024-09-18T10:36:36","date_gmt":"2024-09-18T09:36:36","guid":{"rendered":"https:\/\/letempsmag.ma\/?p=30571"},"modified":"2024-09-18T10:36:37","modified_gmt":"2024-09-18T09:36:37","slug":"les-forces-speciales-de-la-dgst-neutralisent-3-partisans-de-daech","status":"publish","type":"post","link":"https:\/\/letempsmag.ma\/?p=30571","title":{"rendered":"Les Forces sp\u00e9ciales de la DGST neutralisent 3 partisans de \u00abDaech\u00bb"},"content":{"rendered":"\n<p>Sur la base de renseignements fournis par les services de la Direction G\u00e9n\u00e9rale de la Surveillance du Territoire (DGST), le Bureau Central d\u2019Investigations Judiciaires (BCIJ), relevant de la Direction G\u00e9n\u00e9rale de la Surveillance du Territoire (DGST), a interpell\u00e9 hier trois partisans de l\u2019organisation terroriste \u00abDaech\u00bb pour leur implication pr\u00e9sum\u00e9e dans la pr\u00e9paration de plusieurs projets terroristes visant \u00e0 porter gravement atteinte \u00e0 la s\u00e9curit\u00e9 des personnes et \u00e0 l\u2019ordre public, et ce, dans le cadre des efforts constants visant \u00e0 faire face aux menaces terroristes.<\/p>\n\n\n\n<p>Les \u00e9l\u00e9ments des Forces sp\u00e9ciales relevant de la DGST ont engag\u00e9 les proc\u00e9dures d\u2019intervention et d\u2019interpellation dans le cadre d\u2019op\u00e9rations s\u00e9par\u00e9es ayant cibl\u00e9 les suspects, \u00e2g\u00e9s de 18 \u00e0 39 ans, dans les villes de F\u00e8s et de Fnideq, ainsi que dans la commune rurale d\u2019Ouled Ghanem (province d&#8217;El Jadida), indique un communiqu\u00e9 du BCIJ.<\/p>\n\n\n\n<p>Les perquisitions men\u00e9es aux domiciles des mis en cause ont permis la saisie de supports \u00e9lectroniques qui seront soumis \u00e0 l&#8217;expertise num\u00e9rique n\u00e9cessaire, ainsi que d&#8217;armes blanches, d\u2019un embl\u00e8me de \u00abDaech\u00bb dessin\u00e9 sur une pi\u00e8ce en bois, outre des manuscrits \u00e0 caract\u00e8re extr\u00e9miste.<\/p>\n\n\n\n<p>Selon les donn\u00e9es pr\u00e9liminaires de l\u2019enqu\u00eate, les suspects, qui ont pr\u00eat\u00e9 all\u00e9geance au soi-disant \u00abKhalifa\u00bb de l&#8217;organisation de \u00abDaech\u00bb, ont proc\u00e9d\u00e9 \u00e0 la pr\u00e9paration de leurs projets terroristes en acqu\u00e9rant une expertise dans le domaine de la fabrication d&#8217;engins explosifs, avec pour objectif d&#8217;ex\u00e9cuter leurs plans subversifs ciblant plusieurs services vitaux dans le Royaume, souligne le communiqu\u00e9.<\/p>\n\n\n\n<p>Les mis en cause ont \u00e9t\u00e9 plac\u00e9s en garde \u00e0 vue pour les besoins de l\u2019enqu\u00eate men\u00e9e par le BCIJ sous la supervision du Parquet en charge des affaires de terrorisme.<\/p>\n","protected":false},"excerpt":{"rendered":"<p>Sur la base de renseignements fournis par les services de la Direction G\u00e9n\u00e9rale de la Surveillance du Territoire (DGST), le Bureau Central d\u2019Investigations Judiciaires (BCIJ), relevant de la Direction G\u00e9n\u00e9rale de la Surveillance du Territoire (DGST), a interpell\u00e9 hier trois partisans de l\u2019organisation terroriste \u00abDaech\u00bb pour leur implication pr\u00e9sum\u00e9e dans la pr\u00e9paration de plusieurs projets &hellip;<\/p>\n","protected":false},"author":9,"featured_media":30573,"comment_status":"open","ping_status":"closed","sticky":false,"template":"","format":"standard","meta":{"footnotes":""},"categories":[447],"tags":[],"class_list":["post-30571","post","type-post","status-publish","format-standard","has-post-thumbnail","hentry","category-anti-terrorisme"],"_links":{"self":[{"href":"https:\/\/letempsmag.ma\/index.php?rest_route=\/wp\/v2\/posts\/30571","targetHints":{"allow":["GET"]}}],"collection":[{"href":"https:\/\/letempsmag.ma\/index.php?rest_route=\/wp\/v2\/posts"}],"about":[{"href":"https:\/\/letempsmag.ma\/index.php?rest_route=\/wp\/v2\/types\/post"}],"author":[{"embeddable":true,"href":"https:\/\/letempsmag.ma\/index.php?rest_route=\/wp\/v2\/users\/9"}],"replies":[{"embeddable":true,"href":"https:\/\/letempsmag.ma\/index.php?rest_route=%2Fwp%2Fv2%2Fcomments&post=30571"}],"version-history":[{"count":1,"href":"https:\/\/letempsmag.ma\/index.php?rest_route=\/wp\/v2\/posts\/30571\/revisions"}],"predecessor-version":[{"id":30572,"href":"https:\/\/letempsmag.ma\/index.php?rest_route=\/wp\/v2\/posts\/30571\/revisions\/30572"}],"wp:featuredmedia":[{"embeddable":true,"href":"https:\/\/letempsmag.ma\/index.php?rest_route=\/wp\/v2\/media\/30573"}],"wp:attachment":[{"href":"https:\/\/letempsmag.ma\/index.php?rest_route=%2Fwp%2Fv2%2Fmedia&parent=30571"}],"wp:term":[{"taxonomy":"category","embeddable":true,"href":"https:\/\/letempsmag.ma\/index.php?rest_route=%2Fwp%2Fv2%2Fcategories&post=30571"},{"taxonomy":"post_tag","embeddable":true,"href":"https:\/\/letempsmag.ma\/index.php?rest_route=%2Fwp%2Fv2%2Ftags&post=30571"}],"curies":[{"name":"wp","href":"https:\/\/api.w.org\/{rel}","templated":true}]}}