{"id":30568,"date":"2024-09-18T10:35:34","date_gmt":"2024-09-18T09:35:34","guid":{"rendered":"https:\/\/letempsmag.ma\/?p=30568"},"modified":"2024-09-18T10:35:35","modified_gmt":"2024-09-18T09:35:35","slug":"accueil-triomphal-pour-les-athletes-marocains-u18-sacres-champions-arabes","status":"publish","type":"post","link":"https:\/\/letempsmag.ma\/?p=30568","title":{"rendered":"Accueil triomphal pour les athl\u00e8tes marocains \u00abU18\u00bb sacr\u00e9s champions arabes"},"content":{"rendered":"\n<p>Une r\u00e9ception a \u00e9t\u00e9 organis\u00e9e hier mardi \u00e0 l\u2019a\u00e9roport international Mohammed V de Casablanca, en l\u2019honneur de la s\u00e9lection nationale d\u2019athl\u00e9tisme des moins de 18 ans (\u00abU18\u00bb), qui a termin\u00e9 en t\u00eate du classement g\u00e9n\u00e9ral du 10<sup>\u00e8me<\/sup> championnat arabe organis\u00e9 du 12 au 15 septembre \u00e0 Ta\u00eff (Arabie Saoudite). Le Maroc a domin\u00e9 le tableau des m\u00e9dailles du championnat (gar\u00e7ons et filles) avec 31 m\u00e9dailles, 10 en or, 13 en argent et 8 en bronze.<\/p>\n\n\n\n<p>S\u2019exprimant \u00e0 l\u2019arriv\u00e9e \u00e0 Casablanca de la d\u00e9l\u00e9gation marocaine, le porte-parole de la F\u00e9d\u00e9ration Royale Marocaine d\u2019Athl\u00e9tisme (FRMA), Mohamed Nouri, a soulign\u00e9 que les athl\u00e8tes marocains \u00e9taient engag\u00e9s dans toutes les \u00e9preuves, y compris les courses de fond et de demi-fond, pr\u00e9cisant que la participation marocaine a connu un beau succ\u00e8s comme en t\u00e9moigne la moisson de m\u00e9dailles d\u00e9croch\u00e9es. Il a aussi indiqu\u00e9 que la s\u00e9lection nationale se composait de 31 athl\u00e8tes (15 filles et 16 gar\u00e7ons), mettant en avant le r\u00f4le des centres r\u00e9gionaux de formation, des clubs et des ligues, dans la formation de ces champions, en collaboration avec la FRMA, appelant les pratiquants d\u2019athl\u00e9tisme \u00e0 pers\u00e9v\u00e9rer en vue de repr\u00e9senter dignement le Maroc dans les diverses comp\u00e9titions internationales.<\/p>\n\n\n\n<p>L\u2019athl\u00e8te Sa\u00efda Albouzi, de l\u2019Acad\u00e9mie internationale Mohammed VI d\u2019Ifrane, a exprim\u00e9 sa joie d\u2019avoir remport\u00e9 la premi\u00e8re place au 800 m\u00e8tres et d\u2019avoir offert une m\u00e9daille d\u2019or au Maroc, affirmant sa d\u00e9termination \u00e0 participer aux plus grandes manifestations sportives internationales.&nbsp;<\/p>\n\n\n\n<p>Le championnat arabe d\u2019athl\u00e9tisme \u00abU18\u00bb, qui a pris fin dimanche dernier, a vu la participation de 18 pays&nbsp;: Arabie Saoudite (pays h\u00f4te), Maroc, Jordanie, \u00c9mirats Arabes Unis, \u00c9gypte, Y\u00e9men, Bahre\u00efn, Qatar, Kowe\u00eft, Oman, Syrie, Liban, Soudan, Irak, Tunisie, Mauritanie, Libye et Alg\u00e9rie. Une vingtaine de disciplines sportives \u00e9taient au programme de cette grande comp\u00e9tition.<\/p>\n","protected":false},"excerpt":{"rendered":"<p>Une r\u00e9ception a \u00e9t\u00e9 organis\u00e9e hier mardi \u00e0 l\u2019a\u00e9roport international Mohammed V de Casablanca, en l\u2019honneur de la s\u00e9lection nationale d\u2019athl\u00e9tisme des moins de 18 ans (\u00abU18\u00bb), qui a termin\u00e9 en t\u00eate du classement g\u00e9n\u00e9ral du 10\u00e8me championnat arabe organis\u00e9 du 12 au 15 septembre \u00e0 Ta\u00eff (Arabie Saoudite). Le Maroc a domin\u00e9 le tableau &hellip;<\/p>\n","protected":false},"author":9,"featured_media":30570,"comment_status":"open","ping_status":"closed","sticky":false,"template":"","format":"standard","meta":{"footnotes":""},"categories":[46],"tags":[],"class_list":["post-30568","post","type-post","status-publish","format-standard","has-post-thumbnail","hentry","category-sport"],"_links":{"self":[{"href":"https:\/\/letempsmag.ma\/index.php?rest_route=\/wp\/v2\/posts\/30568","targetHints":{"allow":["GET"]}}],"collection":[{"href":"https:\/\/letempsmag.ma\/index.php?rest_route=\/wp\/v2\/posts"}],"about":[{"href":"https:\/\/letempsmag.ma\/index.php?rest_route=\/wp\/v2\/types\/post"}],"author":[{"embeddable":true,"href":"https:\/\/letempsmag.ma\/index.php?rest_route=\/wp\/v2\/users\/9"}],"replies":[{"embeddable":true,"href":"https:\/\/letempsmag.ma\/index.php?rest_route=%2Fwp%2Fv2%2Fcomments&post=30568"}],"version-history":[{"count":1,"href":"https:\/\/letempsmag.ma\/index.php?rest_route=\/wp\/v2\/posts\/30568\/revisions"}],"predecessor-version":[{"id":30569,"href":"https:\/\/letempsmag.ma\/index.php?rest_route=\/wp\/v2\/posts\/30568\/revisions\/30569"}],"wp:featuredmedia":[{"embeddable":true,"href":"https:\/\/letempsmag.ma\/index.php?rest_route=\/wp\/v2\/media\/30570"}],"wp:attachment":[{"href":"https:\/\/letempsmag.ma\/index.php?rest_route=%2Fwp%2Fv2%2Fmedia&parent=30568"}],"wp:term":[{"taxonomy":"category","embeddable":true,"href":"https:\/\/letempsmag.ma\/index.php?rest_route=%2Fwp%2Fv2%2Fcategories&post=30568"},{"taxonomy":"post_tag","embeddable":true,"href":"https:\/\/letempsmag.ma\/index.php?rest_route=%2Fwp%2Fv2%2Ftags&post=30568"}],"curies":[{"name":"wp","href":"https:\/\/api.w.org\/{rel}","templated":true}]}}