{"id":30535,"date":"2024-09-17T10:15:49","date_gmt":"2024-09-17T09:15:49","guid":{"rendered":"https:\/\/letempsmag.ma\/?p=30535"},"modified":"2024-09-17T10:15:49","modified_gmt":"2024-09-17T09:15:49","slug":"le-jardin-majorelle-et-le-musee-ysl-marrakech-devoilent-leurs-tresors-a-la-presse","status":"publish","type":"post","link":"https:\/\/letempsmag.ma\/?p=30535","title":{"rendered":"Le Jardin Majorelle et le mus\u00e9e YSL Marrakech d\u00e9voilent leurs tr\u00e9sors \u00e0 la presse"},"content":{"rendered":"\n<p>La presse nationale a \u00e9t\u00e9 convi\u00e9e, les 13 et 14 septembre courant, \u00e0 d\u00e9couvrir \u00e0 Marrakech les expositions \u00abJardin Majorelle&nbsp;: qui sommes-nous&nbsp;?\u00bb et \u00abYves-Saint Laurent et la Bande Dessin\u00e9e&nbsp;: la Vilaine Lulu\u00bb. En parall\u00e8le, la Villa Oasis a ouvert ses portes de mani\u00e8re exceptionnelle aux repr\u00e9sentants des m\u00e9dias marocains. Une occasion rare qui a permis aux journalistes de d\u00e9couvrir l&#8217;int\u00e9rieur de ce lieu embl\u00e9matique, habituellement ferm\u00e9 au public. L&#8217;opportunit\u00e9 surtout d\u2019explorer les richesses architecturales et artistiques de la Villa, tout en s&#8217;impr\u00e9gnant de son histoire.<\/p>\n\n\n\n<p><strong><em>\u00abQui sommes-nous&nbsp;?\u00bb jusqu\u2019 au 2 f\u00e9vrier 2025<\/em><\/strong><\/p>\n\n\n\n<p>L\u2019exposition \u00abJardin Majorelle&nbsp;: qui sommes-nous&nbsp;?\u00bb est ouverte depuis le 29 juillet dernier dans la salle temporaire du Mus\u00e9e Yves Saint-Laurent Marrakech. Elle est pr\u00e9sent\u00e9e dans le cadre des c\u00e9l\u00e9brations des 100 ans du Jardin Majorelle, sous le commissariat d\u2019Alexis Sornin, Directeur du Mus\u00e9e Yves Saint-Laurent Marrakech et du Mus\u00e9e Pierre Berg\u00e9 des Arts Berb\u00e8res, assist\u00e9 de Madison Cox et de l\u2019ensemble des \u00e9quipes du Jardin Majorelle.<\/p>\n\n\n\n<p>L\u2019exposition \u00abQui sommes-nous&nbsp;? Man Nahnou&nbsp;? Who Are We&nbsp;?\u00bb c\u00e9l\u00e8bre le centenaire du jardin cr\u00e9\u00e9 par le peintre orientaliste fran\u00e7ais Jacques Majorelle (n\u00e9 \u00e0 Nancy et 1886 et mort \u00e0 Paris en 1962). Elle retrace l\u2019histoire depuis sa cr\u00e9ation dans la Palmeraie en 1924, son ouverture au public en 1947 jusqu\u2019\u00e0 son acquisition en 1980 par Yves Saint-Laurent (N\u00e9 \u00e0 Oran en 1936 et mort \u00e0 Paris en 2008) et Pierre Berg\u00e9 (n\u00e9 \u00e0 Saint-Pierre-d\u2019Ol\u00e9ron en 1930 et mort \u00e0 Saint-R\u00e9my-de-Provence en 2017). Cette acquisition visait \u00e0 sauver le jardin d\u2019un projet immobilier.<\/p>\n\n\n\n<p>Une tr\u00e8s belle maquette, cr\u00e9\u00e9e sp\u00e9cialement pour l\u2019exposition par Monim Sabyh, pr\u00e9sente les lieux dans leur ensemble, le jardin public et le jardin de la Villa Oasis, ainsi que le mus\u00e9e Pierre Berg\u00e9 des Arts Berb\u00e8res et le mus\u00e9e Yves Saint-Laurent Marrakech. De tr\u00e8s nombreux documents historiques tels que des dessins in\u00e9dits d\u2019Yves Saint Laurent, de l\u2019architecte Bill Willis et du paysagiste Madison Cox, tir\u00e9es des collections de la Fondation Jardin Majorelle, mais aussi des photographies anciennes et des ouvrages imprim\u00e9s des Archives et de la Biblioth\u00e8que de la Fondation Jardin Majorelle, ou encore des films d\u2019\u00e9poque et d\u2019autres r\u00e9alis\u00e9s sp\u00e9cialement pour cette exposition avec des vues a\u00e9riennes exceptionnelles, une immersion dans les r\u00e9serves m\u00e9connues du Mus\u00e9e Yves Saint Laurent Marrakech, des cartes, des plans et autres documents mis en relation avec la ville de Marrakech d\u2019hier et d\u2019aujourd\u2019hui, permettront aux visiteurs de d\u00e9couvrir l\u2019histoire et l\u2019\u00e9volution de ce jardin embl\u00e9matique unique.<\/p>\n\n\n\n<p>Un pavillon temporaire sera am\u00e9nag\u00e9 dans le jardin de la Villa Oasis, sous la direction de l&#8217;architecte Hiba Bensalek. Le pavillon aura pour objectif de pr\u00e9senter et de promouvoir le savoir-faire, les activit\u00e9s et les programmes du d\u00e9partement botanique aupr\u00e8s des visiteurs locaux, nationaux et internationaux. Con\u00e7u pour \u00eatre renouvel\u00e9 tous les deux ans, ce projet collaborera avec de jeunes architectes marocains afin d&#8217;apporter des perspectives innovantes \u00e0 chaque nouvelle installation.<\/p>\n\n\n\n<p><strong><em>Exposition \u00abLa Vilaine Lulu\u00bb<\/em><\/strong><\/p>\n\n\n\n<p>Depuis le 11 juillet dernier, le Mus\u00e9e Yves Saint-Laurent Marrakech accueille une nouvelle exposition intitul\u00e9e \u00abYves Saint-Laurent et la Bande Dessin\u00e9e&nbsp;: la Vilaine Lulu\u00bb. Pr\u00e9sent\u00e9e dans la galerie de photographie du mus\u00e9e, cette exposition est le fruit d&#8217;une collaboration entre le Mus\u00e9e Yves Saint-Laurent Marrakech et le Mus\u00e9e Yves Saint-Laurent Paris, sous la direction d&#8217;Alexis Sornin, Commissaire g\u00e9n\u00e9ral et Directeur du Mus\u00e9e Yves Saint-Laurent Marrakech ainsi que du Mus\u00e9e Pierre Berg\u00e9 des Arts Berb\u00e8res. Le commissariat scientifique est assur\u00e9 par Serena Bucalo-Mussely, Conservatrice et responsable des collections au Mus\u00e9e Yves Saint-Laurent Paris, et Domitille \u00c9bl\u00e9, Charg\u00e9e de collections en arts graphiques au Mus\u00e9e Yves Saint-Laurent Paris.<\/p>\n\n\n\n<p>La bande dessin\u00e9e suit les aventures de \u00abLa Vilaine Lulu\u00bb, une petite fille qui vit vingt-quatre histoires, telles que \u00abLulu \u00e0 l\u2019\u00e9cole\u00bb ou \u00abL\u2019ann\u00e9e Lulu\u00bb. Toujours v\u00eatue de la m\u00eame mani\u00e8re et accompagn\u00e9e d\u2019un rat blanc, elle utilise des expressions uniques comme \u00abPluck\u00bb et \u00abSchmuck\u00bb dans ses dialogues. Le Mus\u00e9e Yves Saint-Laurent Paris conserve une collection importante de planches originales de cette \u0153uvre. La premi\u00e8re parution de \u00abLa Vilaine Lulu\u00bb a eu lieu dans le magazine \u00abVogue Paris\u00bb en ao\u00fbt 1964. Deux versions de la bande dessin\u00e9e ont \u00e9t\u00e9 publi\u00e9es en 1967 par la maison d\u2019\u00e9dition Tchou, r\u00e9\u00e9dit\u00e9e en 2003, et une version abr\u00e9g\u00e9e est parue en 2010 aux \u00e9ditions de La Martini\u00e8re. Une version japonaise a \u00e9galement \u00e9t\u00e9 publi\u00e9e en 2009 par Kawade Shobo Shinsha. L\u2019album est disponible \u00e0 la librairie du Mus\u00e9e Yves Saint-Laurent Marrakech au prix de 320 DH. De plus, une \u00e9dition limit\u00e9e de luxe en coffret grand format, avec seulement dix exemplaires disponibles, est en vente \u00e0 la librairie du mus\u00e9e sur demande.<\/p>\n\n\n\n<p><strong>L. F.<\/strong><\/p>\n","protected":false},"excerpt":{"rendered":"<p>La presse nationale a \u00e9t\u00e9 convi\u00e9e, les 13 et 14 septembre courant, \u00e0 d\u00e9couvrir \u00e0 Marrakech les expositions \u00abJardin Majorelle&nbsp;: qui sommes-nous&nbsp;?\u00bb et \u00abYves-Saint Laurent et la Bande Dessin\u00e9e&nbsp;: la Vilaine Lulu\u00bb. En parall\u00e8le, la Villa Oasis a ouvert ses portes de mani\u00e8re exceptionnelle aux repr\u00e9sentants des m\u00e9dias marocains. Une occasion rare qui a permis &hellip;<\/p>\n","protected":false},"author":9,"featured_media":30537,"comment_status":"open","ping_status":"closed","sticky":false,"template":"","format":"standard","meta":{"footnotes":""},"categories":[56],"tags":[],"class_list":["post-30535","post","type-post","status-publish","format-standard","has-post-thumbnail","hentry","category-patrimoine"],"_links":{"self":[{"href":"https:\/\/letempsmag.ma\/index.php?rest_route=\/wp\/v2\/posts\/30535","targetHints":{"allow":["GET"]}}],"collection":[{"href":"https:\/\/letempsmag.ma\/index.php?rest_route=\/wp\/v2\/posts"}],"about":[{"href":"https:\/\/letempsmag.ma\/index.php?rest_route=\/wp\/v2\/types\/post"}],"author":[{"embeddable":true,"href":"https:\/\/letempsmag.ma\/index.php?rest_route=\/wp\/v2\/users\/9"}],"replies":[{"embeddable":true,"href":"https:\/\/letempsmag.ma\/index.php?rest_route=%2Fwp%2Fv2%2Fcomments&post=30535"}],"version-history":[{"count":1,"href":"https:\/\/letempsmag.ma\/index.php?rest_route=\/wp\/v2\/posts\/30535\/revisions"}],"predecessor-version":[{"id":30536,"href":"https:\/\/letempsmag.ma\/index.php?rest_route=\/wp\/v2\/posts\/30535\/revisions\/30536"}],"wp:featuredmedia":[{"embeddable":true,"href":"https:\/\/letempsmag.ma\/index.php?rest_route=\/wp\/v2\/media\/30537"}],"wp:attachment":[{"href":"https:\/\/letempsmag.ma\/index.php?rest_route=%2Fwp%2Fv2%2Fmedia&parent=30535"}],"wp:term":[{"taxonomy":"category","embeddable":true,"href":"https:\/\/letempsmag.ma\/index.php?rest_route=%2Fwp%2Fv2%2Fcategories&post=30535"},{"taxonomy":"post_tag","embeddable":true,"href":"https:\/\/letempsmag.ma\/index.php?rest_route=%2Fwp%2Fv2%2Ftags&post=30535"}],"curies":[{"name":"wp","href":"https:\/\/api.w.org\/{rel}","templated":true}]}}