{"id":3043,"date":"2021-05-12T16:06:10","date_gmt":"2021-05-12T16:06:10","guid":{"rendered":"https:\/\/letempsmag.ma\/?p=3043"},"modified":"2021-05-12T16:06:11","modified_gmt":"2021-05-12T16:06:11","slug":"apres-dieu-le-virus-seul-connait-les-reponses","status":"publish","type":"post","link":"https:\/\/letempsmag.ma\/?p=3043","title":{"rendered":"Apr\u00e8s Dieu, le virus seul conna\u00eet les r\u00e9ponses\u2026"},"content":{"rendered":"\n<p><strong>PAR HASSAN EL ARCH<\/strong><\/p>\n\n\n\n<p>Somme toute, c\u2019est un Ramadan \u00abronronnant\u00bb qui s\u2019ach\u00e8ve. Pas beaucoup de turbulences au plan social et peu de mauvaises surprises au plan \u00e9conomique. En revanche, il y a du stress en mati\u00e8re politique. L\u2019Espagne et l\u2019Allemagne, deux partenaires majeurs du Royaume et donc suppos\u00e9s amis, brouillent dangereusement les cartes dans le jeu des int\u00e9r\u00eats bilat\u00e9raux. L\u2019un et l\u2019autre affichent, depuis peu, vis-\u00e0-vis du Maroc une attitude ambig\u00fce pour le premier et hostile pour le second. En toile de fond&nbsp;: la souverainet\u00e9 du Royaume sur son Sahara et la biens\u00e9ance politique que le voisinage commande entre voisins.<\/p>\n\n\n\n<p>Oui, un Ramadan plut\u00f4t \u00abflat\u00bb, comme aiment \u00e0 dire les statisticiens, avec tout de m\u00eame quelques petites bonnes notes, n\u2019en d\u00e9plaise aux oracles du dimanche\u2026 La campagne de vaccination s\u2019accentue et repart sur une tendance qui rassure, apr\u00e8s le coup de frein logistique qui l\u2019avait caract\u00e9ris\u00e9e il y a quelques semaines. Certains secteurs fr\u00e9missent tout doucement et, \u00e0 d\u00e9faut de rebondir, donnent des signes de retour \u00e0 la normale sur les court et moyen termes. Le tourisme, par exemple, l\u2019artisanat, l\u2019agriculture, la p\u00eache, les m\u00e9tiers de bouche et la grande distribution. La lecture de ces signes, tout au long du Ramadan qui s\u2019ach\u00e8ve, permet de faire un d\u00e9cryptage qui rassure sur cette fameuse r\u00e9silience que l\u2019on pr\u00eate souvent aux Marocains.<\/p>\n\n\n\n<p>Mais ne nous leurrons pas. Des pans entiers de l\u2019\u00e9conomie restent sous perfusion&nbsp;! Et \u00e0 moins que l\u2019\u00c9tat ne fasse un \u00e9ni\u00e8me effort pour rationaliser les ressources (r\u00e9elles ou mobilisables) et pr\u00e9server ainsi l\u2019\u00e9quilibre t\u00e9nu des agr\u00e9gats, on voit mal comment 2021 pourrait se terminer mieux qu\u2019elle n\u2019a commenc\u00e9. Mais qui peut se pr\u00e9valoir de la moindre visibilit\u00e9 en ces temps de pand\u00e9mie&nbsp;?<\/p>\n\n\n\n<p>Dans un mois et demi, la saison d\u2019\u00e9t\u00e9 sera l\u00e0 avec ses langueurs mais ses incertitudes aussi. Elle sera suivie par une rentr\u00e9e comme on n\u2019en a pas vu depuis cinq ans, \u00e9ch\u00e9ances \u00e9lectorales obligent. Au flou \u00e9pid\u00e9miologique s\u2019ajoutera un autre, politique et l\u00e9gislatif. L\u2019horizon de visibilit\u00e9, en cet Aid Al Fitr, est terriblement opaque. Apr\u00e8s Dieu, le virus seul conna\u00eet les r\u00e9ponses\u2026<\/p>\n","protected":false},"excerpt":{"rendered":"<p>PAR HASSAN EL ARCH Somme toute, c\u2019est un Ramadan \u00abronronnant\u00bb qui s\u2019ach\u00e8ve. Pas beaucoup de turbulences au plan social et peu de mauvaises surprises au plan \u00e9conomique. En revanche, il y a du stress en mati\u00e8re politique. L\u2019Espagne et l\u2019Allemagne, deux partenaires majeurs du Royaume et donc suppos\u00e9s amis, brouillent dangereusement les cartes dans le &hellip;<\/p>\n","protected":false},"author":9,"featured_media":1323,"comment_status":"open","ping_status":"closed","sticky":false,"template":"","format":"standard","meta":{"footnotes":""},"categories":[44],"tags":[],"class_list":["post-3043","post","type-post","status-publish","format-standard","has-post-thumbnail","hentry","category-edito"],"_links":{"self":[{"href":"https:\/\/letempsmag.ma\/index.php?rest_route=\/wp\/v2\/posts\/3043","targetHints":{"allow":["GET"]}}],"collection":[{"href":"https:\/\/letempsmag.ma\/index.php?rest_route=\/wp\/v2\/posts"}],"about":[{"href":"https:\/\/letempsmag.ma\/index.php?rest_route=\/wp\/v2\/types\/post"}],"author":[{"embeddable":true,"href":"https:\/\/letempsmag.ma\/index.php?rest_route=\/wp\/v2\/users\/9"}],"replies":[{"embeddable":true,"href":"https:\/\/letempsmag.ma\/index.php?rest_route=%2Fwp%2Fv2%2Fcomments&post=3043"}],"version-history":[{"count":1,"href":"https:\/\/letempsmag.ma\/index.php?rest_route=\/wp\/v2\/posts\/3043\/revisions"}],"predecessor-version":[{"id":3044,"href":"https:\/\/letempsmag.ma\/index.php?rest_route=\/wp\/v2\/posts\/3043\/revisions\/3044"}],"wp:featuredmedia":[{"embeddable":true,"href":"https:\/\/letempsmag.ma\/index.php?rest_route=\/wp\/v2\/media\/1323"}],"wp:attachment":[{"href":"https:\/\/letempsmag.ma\/index.php?rest_route=%2Fwp%2Fv2%2Fmedia&parent=3043"}],"wp:term":[{"taxonomy":"category","embeddable":true,"href":"https:\/\/letempsmag.ma\/index.php?rest_route=%2Fwp%2Fv2%2Fcategories&post=3043"},{"taxonomy":"post_tag","embeddable":true,"href":"https:\/\/letempsmag.ma\/index.php?rest_route=%2Fwp%2Fv2%2Ftags&post=3043"}],"curies":[{"name":"wp","href":"https:\/\/api.w.org\/{rel}","templated":true}]}}