{"id":30332,"date":"2024-09-04T10:30:41","date_gmt":"2024-09-04T09:30:41","guid":{"rendered":"https:\/\/letempsmag.ma\/?p=30332"},"modified":"2024-09-04T10:30:42","modified_gmt":"2024-09-04T09:30:42","slug":"inwi-associe-son-image-a-soufiane-el-bakkali-double-champion-olympique-et-double-champion-du-monde","status":"publish","type":"post","link":"https:\/\/letempsmag.ma\/?p=30332","title":{"rendered":"Inwi associe son image\u00a0\u00e0\u00a0Soufiane El Bakkali,\u00a0double\u00a0champion olympique\u00a0et\u00a0double\u00a0champion du monde"},"content":{"rendered":"\n<p>Inwi annonc\u00e9 un partenariat avec le double m\u00e9daill\u00e9 d\u2019or olympique et double champion du monde d\u2019athl\u00e9tisme, Soufiane El Bakkali. Tout en c\u00e9l\u00e9brant les exploits remarquables de l\u2019athl\u00e8te marocain, cette association vise&nbsp;\u00e0&nbsp;inspirer la jeunesse marocaine et \u00e0 la pousser \u00e0 repousser ses limites et \u00e0 croire en son potentiel.&nbsp;Dans&nbsp;ce sens, Soufiane El Bakkali refl\u00e8te et personnifie les valeurs de pers\u00e9v\u00e9rance, de d\u00e9termination et d\u2019excellence. Des valeurs qu\u2019Inwi partage avec notre champion national.<\/p>\n\n\n\n<p>L\u2019op\u00e9rateur&nbsp;rappelle avoir&nbsp;toujours \u00e9t\u00e9 anim\u00e9 par une ambition forte&nbsp;:&nbsp;accompagner et soutenir les talents marocains. Ce partenariat avec Soufiane El Bakkali illustre cette volont\u00e9 de promouvoir des mod\u00e8les de r\u00e9ussite qui, par leur d\u00e9termination et leur engagement, inspirent la jeunesse marocaine \u00e0 croire en ses r\u00eaves et \u00e0 viser toujours plus haut.<\/p>\n","protected":false},"excerpt":{"rendered":"<p>Inwi annonc\u00e9 un partenariat avec le double m\u00e9daill\u00e9 d\u2019or olympique et double champion du monde d\u2019athl\u00e9tisme, Soufiane El Bakkali. Tout en c\u00e9l\u00e9brant les exploits remarquables de l\u2019athl\u00e8te marocain, cette association vise&nbsp;\u00e0&nbsp;inspirer la jeunesse marocaine et \u00e0 la pousser \u00e0 repousser ses limites et \u00e0 croire en son potentiel.&nbsp;Dans&nbsp;ce sens, Soufiane El Bakkali refl\u00e8te et personnifie &hellip;<\/p>\n","protected":false},"author":9,"featured_media":30333,"comment_status":"open","ping_status":"closed","sticky":false,"template":"","format":"standard","meta":{"footnotes":""},"categories":[754],"tags":[],"class_list":["post-30332","post","type-post","status-publish","format-standard","has-post-thumbnail","hentry","category-sponsoring"],"_links":{"self":[{"href":"https:\/\/letempsmag.ma\/index.php?rest_route=\/wp\/v2\/posts\/30332","targetHints":{"allow":["GET"]}}],"collection":[{"href":"https:\/\/letempsmag.ma\/index.php?rest_route=\/wp\/v2\/posts"}],"about":[{"href":"https:\/\/letempsmag.ma\/index.php?rest_route=\/wp\/v2\/types\/post"}],"author":[{"embeddable":true,"href":"https:\/\/letempsmag.ma\/index.php?rest_route=\/wp\/v2\/users\/9"}],"replies":[{"embeddable":true,"href":"https:\/\/letempsmag.ma\/index.php?rest_route=%2Fwp%2Fv2%2Fcomments&post=30332"}],"version-history":[{"count":1,"href":"https:\/\/letempsmag.ma\/index.php?rest_route=\/wp\/v2\/posts\/30332\/revisions"}],"predecessor-version":[{"id":30334,"href":"https:\/\/letempsmag.ma\/index.php?rest_route=\/wp\/v2\/posts\/30332\/revisions\/30334"}],"wp:featuredmedia":[{"embeddable":true,"href":"https:\/\/letempsmag.ma\/index.php?rest_route=\/wp\/v2\/media\/30333"}],"wp:attachment":[{"href":"https:\/\/letempsmag.ma\/index.php?rest_route=%2Fwp%2Fv2%2Fmedia&parent=30332"}],"wp:term":[{"taxonomy":"category","embeddable":true,"href":"https:\/\/letempsmag.ma\/index.php?rest_route=%2Fwp%2Fv2%2Fcategories&post=30332"},{"taxonomy":"post_tag","embeddable":true,"href":"https:\/\/letempsmag.ma\/index.php?rest_route=%2Fwp%2Fv2%2Ftags&post=30332"}],"curies":[{"name":"wp","href":"https:\/\/api.w.org\/{rel}","templated":true}]}}